{"id":7802,"date":"2023-11-14T09:33:50","date_gmt":"2023-11-14T09:33:50","guid":{"rendered":"https:\/\/northius.com\/northius-e-a-fundacion-santa-maria-la-real-concedem-20-bolsas-de-formacao\/"},"modified":"2024-02-14T17:20:55","modified_gmt":"2024-02-14T17:20:55","slug":"northius-e-a-fundacion-santa-maria-la-real-concedem-20-bolsas-de-formacao","status":"publish","type":"post","link":"https:\/\/northius.com\/pt\/noticias\/northius-e-a-fundacion-santa-maria-la-real-concedem-20-bolsas-de-formacao\/","title":{"rendered":"Northius e a Fundaci\u00f3n Santa Mar\u00eda la Real concedem 20 bolsas de forma\u00e7\u00e3o"},"content":{"rendered":"<ul>\n<li><strong><strong>&#8220;Desencadena el #EfectoSolidaridad&#8221; \u00e9 a campanha de <em>fundraising<\/em> da Fundaci\u00f3n Santa Mar\u00eda la Real que incentiva a colabora\u00e7\u00e3o para que pessoas desempregadas, em situa\u00e7\u00e3o de especial vulnerabilidade, acedam a forma\u00e7\u00e3o e impulsionem a sua empregabilidade.<\/strong><\/strong><\/li>\n<p><\/p>\n<li><strong>Northius, grupo educativo de forma\u00e7\u00e3o especializada, juntou-se \u00e0 campanha disponibilizando 20 bolsas de forma\u00e7\u00e3o. Os participantes est\u00e3o a formar-se em marketing digital, seguran\u00e7a alimentar, nutri\u00e7\u00e3o ou dobragem.<\/strong><\/li>\n<\/ul>\n<p>&nbsp;<br \/>\n<\/p>\n<p><img fetchpriority=\"high\" decoding=\"async\" class=\"wp-image-7596 aligncenter\" src=\"https:\/\/northius.com\/wp-content\/uploads\/2023\/11\/Acuerdo-Fundacion-Santa-Maria-la-Real-y-Northius-1-1.jpg\" alt=\"\" width=\"683\" height=\"384\"><br \/>\n<br \/>\nA campanha de fundraising &#8220;Desencadena el #EfectoSolidaridad&#8221;, impulsionada pela \u00c1rea de Emprego e Inclus\u00e3o Social da <strong>Fundaci\u00f3n Santa Mar\u00eda la Real<\/strong>, foi lan\u00e7ada no passado m\u00eas de abril com o objetivo de oferecer a oportunidade a pessoas desempregadas para que acedam a um programa de empregabilidade e impulsionem assim o seu futuro laboral. Gra\u00e7as a esta campanha e a um acordo de colabora\u00e7\u00e3o com o grupo <strong>Northius<\/strong>, 20 pessoas em situa\u00e7\u00e3o de desemprego e vulnerabilidade beneficiaram de <strong>20 bolsas de forma\u00e7\u00e3o para se qualificarem e trabalharem no setor que desejam.<\/strong>.<\/p>\n<p>As 20 bolsas de forma\u00e7\u00e3o foram disponibilizadas pela Northius, grupo educativo de forma\u00e7\u00e3o especializada que, atrav\u00e9s deste plano de bolsas, colabora na inser\u00e7\u00e3o profissional. <em>&#8220;<\/em><strong>Na Northius, acreditamos que a forma\u00e7\u00e3o \u00e9 a base mais s\u00f3lida para construir um futuro profissional pr\u00f3spero e um projeto de vida independente\u201d<\/strong>, explica H\u00e9ctor P\u00e9rez, director de Sustentabilidade da <a href=\"https:\/\/northius.com\/\">Northius<\/a>.<\/p>\n<p>\u201cPor isso, e como forma de refor\u00e7ar o nosso <strong> compromisso com a igualdade de oportunidades<\/strong>, lan\u00e7\u00e1mos a linha de bolsas de estudo que enquadra a colabora\u00e7\u00e3o com a Fundaci\u00f3n Santa Mar\u00eda la Real<em>&#8220;<\/em>, explica P\u00e9rez, que salienta a <strong>necessidade do acesso universal a uma educa\u00e7\u00e3o de qualidade<\/strong>.<\/p>\n<h2><strong>Bolsas formativas em centros especializados<\/strong><\/h2>\n<p>O objetivo das <strong>bolsas formativas da Northius<\/strong> \u00e9 que <strong>pessoas em situa\u00e7\u00e3o de especial vulnerabilidade, sem recursos ou em risco de exclus\u00e3o social podem ter acesso a um curso que facilita a sua integra\u00e7\u00e3o no mercado de trabalho<\/strong>. Trata-se de um importante recurso de forma\u00e7\u00e3o que lhes permite formar-se durante os pr\u00f3ximos meses para focar no seu futuro laboral.<\/p>\n<p>As 20 pessoas participantes que j\u00e1 receberam estas bolsas est\u00e3o a frequentar forma\u00e7\u00f5es em diferentes centros de forma\u00e7\u00e3o pertencentes ao grupo Northius, de acordo com os seus interesses profissionais. As forma\u00e7\u00f5es abrangem uma grande variedade de \u00e1reas, incluindo marketing digital, atendimento sociossanit\u00e1rio em institui\u00e7\u00f5es sociais, tecnologia e seguran\u00e7a alimentar, secretariado m\u00e9dico, auxiliar administrativo, diet\u00e9tica, medicina est\u00e9tica e dobragem.<\/p>\n<p>A campanha &#8220;Desencadena el #EfectoSolidaridad&#8221; permite que as doa\u00e7\u00f5es recebidas sejam destinadas a facilitar o acesso a equipamentos inform\u00e1ticos, bolsas de transporte ou liga\u00e7\u00e3o \u00e0 internet. Existem pessoas que n\u00e3o podem participar em nenhum dos casos por n\u00e3o disporem de recursos econ\u00f3micos para se deslocarem at\u00e9 ao local das sess\u00f5es ou conectarem-se virtualmente.<\/p>\n<p>As contribui\u00e7\u00f5es de particulares, entidades e empresas permitem cobrir o custo dos recursos m\u00ednimos para participar em algum dos programas que a Fundaci\u00f3n Santa Mar\u00eda la Real impulsiona h\u00e1 mais de dez anos, e que contribuem para alcan\u00e7ar a sua inser\u00e7\u00e3o sociolaboral. Portanto, as pessoas doadoras s\u00e3o a origem de tudo e ajudam a construir um futuro profissional que tamb\u00e9m lhes permitir\u00e1 melhorar as suas condi\u00e7\u00f5es de vida.<\/p>\n","protected":false},"excerpt":{"rendered":"<p>&#8220;Desencadena el #EfectoSolidaridad&#8221; \u00e9 a campanha de fundraising da Fundaci\u00f3n Santa Mar\u00eda la Real que incentiva a colabora\u00e7\u00e3o para que pessoas desempregadas, em situa\u00e7\u00e3o de especial vulnerabilidade, acedam a forma\u00e7\u00e3o e impulsionem a sua empregabilidade. Northius, grupo educativo de forma\u00e7\u00e3o especializada, juntou-se \u00e0 campanha disponibilizando 20 bolsas de forma\u00e7\u00e3o. Os participantes est\u00e3o a formar-se em [&hellip;]<\/p>\n","protected":false},"author":19,"featured_media":7594,"comment_status":"open","ping_status":"open","sticky":false,"template":"","format":"standard","meta":{"_acf_changed":false,"inline_featured_image":false,"footnotes":""},"categories":[70,64],"tags":[103,91,107,106,90],"class_list":["post-7802","post","type-post","status-publish","format-standard","has-post-thumbnail","hentry","category-noticias-pt","category-sin-categorizar","tag-estagios","tag-formacao","tag-fundacion-santa-maria-la-real-pt","tag-inclusao","tag-northius-pt"],"acf":[],"yoast_head":"<!-- This site is optimized with the Yoast SEO plugin v26.2 - https:\/\/yoast.com\/wordpress\/plugins\/seo\/ -->\n<title>Northius e a Fundaci\u00f3n Santa Mar\u00eda la Real concedem 20 bolsas de forma\u00e7\u00e3o - Northius<\/title>\n<meta name=\"description\" content=\"Gra\u00e7as \u00e0 campanha &quot;Desencadena el #EfectoSolidaridad&quot; e a um acordo de colabora\u00e7\u00e3o com o grupo Northius, 20 pessoas em situa\u00e7\u00e3o de vulnerabilidade receber\u00e3o forma\u00e7\u00e3o especializada\" \/>\n<meta name=\"robots\" content=\"index, follow, max-snippet:-1, max-image-preview:large, max-video-preview:-1\" \/>\n<link rel=\"canonical\" href=\"https:\/\/northius.com\/pt\/noticias\/northius-e-a-fundacion-santa-maria-la-real-concedem-20-bolsas-de-formacao\/\" \/>\n<meta property=\"og:locale\" content=\"pt_PT\" \/>\n<meta property=\"og:type\" content=\"article\" \/>\n<meta property=\"og:title\" content=\"Northius e a Fundaci\u00f3n Santa Mar\u00eda la Real concedem 20 bolsas de forma\u00e7\u00e3o - Northius\" \/>\n<meta property=\"og:description\" content=\"Gra\u00e7as \u00e0 campanha &quot;Desencadena el #EfectoSolidaridad&quot; e a um acordo de colabora\u00e7\u00e3o com o grupo Northius, 20 pessoas em situa\u00e7\u00e3o de vulnerabilidade receber\u00e3o forma\u00e7\u00e3o especializada\" \/>\n<meta property=\"og:url\" content=\"https:\/\/northius.com\/pt\/noticias\/northius-e-a-fundacion-santa-maria-la-real-concedem-20-bolsas-de-formacao\/\" \/>\n<meta property=\"og:site_name\" content=\"Northius\" \/>\n<meta property=\"article:published_time\" content=\"2023-11-14T09:33:50+00:00\" \/>\n<meta property=\"article:modified_time\" content=\"2024-02-14T17:20:55+00:00\" \/>\n<meta property=\"og:image\" content=\"https:\/\/northius.com\/wp-content\/uploads\/2023\/11\/Acuerdo-Fundacion-Santa-Maria-la-Real-y-Northius-1.jpg\" \/>\n\t<meta property=\"og:image:width\" content=\"4240\" \/>\n\t<meta property=\"og:image:height\" content=\"2384\" \/>\n\t<meta property=\"og:image:type\" content=\"image\/jpeg\" \/>\n<meta name=\"author\" content=\"Sonia Dapena\" \/>\n<meta name=\"twitter:card\" content=\"summary_large_image\" \/>\n<meta name=\"twitter:label1\" content=\"Written by\" \/>\n\t<meta name=\"twitter:data1\" content=\"Sonia Dapena\" \/>\n\t<meta name=\"twitter:label2\" content=\"Est. reading time\" \/>\n\t<meta name=\"twitter:data2\" content=\"3 minutes\" \/>\n<script type=\"application\/ld+json\" class=\"yoast-schema-graph\">{\"@context\":\"https:\/\/schema.org\",\"@graph\":[{\"@type\":\"Article\",\"@id\":\"https:\/\/northius.com\/pt\/noticias\/northius-e-a-fundacion-santa-maria-la-real-concedem-20-bolsas-de-formacao\/#article\",\"isPartOf\":{\"@id\":\"https:\/\/northius.com\/pt\/noticias\/northius-e-a-fundacion-santa-maria-la-real-concedem-20-bolsas-de-formacao\/\"},\"author\":{\"name\":\"Sonia Dapena\",\"@id\":\"https:\/\/northius.com\/pt\/#\/schema\/person\/5c2fd11db44b59c0e86d021d58148e7d\"},\"headline\":\"Northius e a Fundaci\u00f3n Santa Mar\u00eda la Real concedem 20 bolsas de forma\u00e7\u00e3o\",\"datePublished\":\"2023-11-14T09:33:50+00:00\",\"dateModified\":\"2024-02-14T17:20:55+00:00\",\"mainEntityOfPage\":{\"@id\":\"https:\/\/northius.com\/pt\/noticias\/northius-e-a-fundacion-santa-maria-la-real-concedem-20-bolsas-de-formacao\/\"},\"wordCount\":569,\"commentCount\":0,\"publisher\":{\"@id\":\"https:\/\/northius.com\/pt\/#organization\"},\"image\":{\"@id\":\"https:\/\/northius.com\/pt\/noticias\/northius-e-a-fundacion-santa-maria-la-real-concedem-20-bolsas-de-formacao\/#primaryimage\"},\"thumbnailUrl\":\"https:\/\/northius.com\/wp-content\/uploads\/2023\/11\/Acuerdo-Fundacion-Santa-Maria-la-Real-y-Northius-1.jpg\",\"keywords\":[\"est\u00e1gios\",\"forma\u00e7\u00e3o\",\"fundaci\u00f3n santa mar\u00eda la real\",\"inclus\u00e3o\",\"northius\"],\"articleSection\":[\"Not\u00edcias\",\"Sin categorizar\"],\"inLanguage\":\"pt-P\",\"potentialAction\":[{\"@type\":\"CommentAction\",\"name\":\"Comment\",\"target\":[\"https:\/\/northius.com\/pt\/noticias\/northius-e-a-fundacion-santa-maria-la-real-concedem-20-bolsas-de-formacao\/#respond\"]}]},{\"@type\":\"WebPage\",\"@id\":\"https:\/\/northius.com\/pt\/noticias\/northius-e-a-fundacion-santa-maria-la-real-concedem-20-bolsas-de-formacao\/\",\"url\":\"https:\/\/northius.com\/pt\/noticias\/northius-e-a-fundacion-santa-maria-la-real-concedem-20-bolsas-de-formacao\/\",\"name\":\"Northius e a Fundaci\u00f3n Santa Mar\u00eda la Real concedem 20 bolsas de forma\u00e7\u00e3o - Northius\",\"isPartOf\":{\"@id\":\"https:\/\/northius.com\/pt\/#website\"},\"primaryImageOfPage\":{\"@id\":\"https:\/\/northius.com\/pt\/noticias\/northius-e-a-fundacion-santa-maria-la-real-concedem-20-bolsas-de-formacao\/#primaryimage\"},\"image\":{\"@id\":\"https:\/\/northius.com\/pt\/noticias\/northius-e-a-fundacion-santa-maria-la-real-concedem-20-bolsas-de-formacao\/#primaryimage\"},\"thumbnailUrl\":\"https:\/\/northius.com\/wp-content\/uploads\/2023\/11\/Acuerdo-Fundacion-Santa-Maria-la-Real-y-Northius-1.jpg\",\"datePublished\":\"2023-11-14T09:33:50+00:00\",\"dateModified\":\"2024-02-14T17:20:55+00:00\",\"description\":\"Gra\u00e7as \u00e0 campanha \\\"Desencadena el #EfectoSolidaridad\\\" e a um acordo de colabora\u00e7\u00e3o com o grupo Northius, 20 pessoas em situa\u00e7\u00e3o de vulnerabilidade receber\u00e3o forma\u00e7\u00e3o especializada\",\"breadcrumb\":{\"@id\":\"https:\/\/northius.com\/pt\/noticias\/northius-e-a-fundacion-santa-maria-la-real-concedem-20-bolsas-de-formacao\/#breadcrumb\"},\"inLanguage\":\"pt-P\",\"potentialAction\":[{\"@type\":\"ReadAction\",\"target\":[\"https:\/\/northius.com\/pt\/noticias\/northius-e-a-fundacion-santa-maria-la-real-concedem-20-bolsas-de-formacao\/\"]}]},{\"@type\":\"ImageObject\",\"inLanguage\":\"pt-P\",\"@id\":\"https:\/\/northius.com\/pt\/noticias\/northius-e-a-fundacion-santa-maria-la-real-concedem-20-bolsas-de-formacao\/#primaryimage\",\"url\":\"https:\/\/northius.com\/wp-content\/uploads\/2023\/11\/Acuerdo-Fundacion-Santa-Maria-la-Real-y-Northius-1.jpg\",\"contentUrl\":\"https:\/\/northius.com\/wp-content\/uploads\/2023\/11\/Acuerdo-Fundacion-Santa-Maria-la-Real-y-Northius-1.jpg\",\"width\":4240,\"height\":2384},{\"@type\":\"BreadcrumbList\",\"@id\":\"https:\/\/northius.com\/pt\/noticias\/northius-e-a-fundacion-santa-maria-la-real-concedem-20-bolsas-de-formacao\/#breadcrumb\",\"itemListElement\":[{\"@type\":\"ListItem\",\"position\":1,\"name\":\"Inicio\",\"item\":\"https:\/\/northius.com\/pt\/\"},{\"@type\":\"ListItem\",\"position\":2,\"name\":\"Northius e a Fundaci\u00f3n Santa Mar\u00eda la Real concedem 20 bolsas de forma\u00e7\u00e3o\"}]},{\"@type\":\"WebSite\",\"@id\":\"https:\/\/northius.com\/pt\/#website\",\"url\":\"https:\/\/northius.com\/pt\/\",\"name\":\"Northius\",\"description\":\"El grupo educativo de formaci\u00f3n especializada\",\"publisher\":{\"@id\":\"https:\/\/northius.com\/pt\/#organization\"},\"potentialAction\":[{\"@type\":\"SearchAction\",\"target\":{\"@type\":\"EntryPoint\",\"urlTemplate\":\"https:\/\/northius.com\/pt\/?s={search_term_string}\"},\"query-input\":{\"@type\":\"PropertyValueSpecification\",\"valueRequired\":true,\"valueName\":\"search_term_string\"}}],\"inLanguage\":\"pt-P\"},{\"@type\":\"Organization\",\"@id\":\"https:\/\/northius.com\/pt\/#organization\",\"name\":\"Northius\",\"url\":\"https:\/\/northius.com\/pt\/\",\"logo\":{\"@type\":\"ImageObject\",\"inLanguage\":\"pt-P\",\"@id\":\"https:\/\/northius.com\/pt\/#\/schema\/logo\/image\/\",\"url\":\"https:\/\/northius.com\/wp-content\/uploads\/2022\/05\/logo.svg\",\"contentUrl\":\"https:\/\/northius.com\/wp-content\/uploads\/2022\/05\/logo.svg\",\"width\":196,\"height\":36,\"caption\":\"Northius\"},\"image\":{\"@id\":\"https:\/\/northius.com\/pt\/#\/schema\/logo\/image\/\"}},{\"@type\":\"Person\",\"@id\":\"https:\/\/northius.com\/pt\/#\/schema\/person\/5c2fd11db44b59c0e86d021d58148e7d\",\"name\":\"Sonia Dapena\",\"image\":{\"@type\":\"ImageObject\",\"inLanguage\":\"pt-P\",\"@id\":\"https:\/\/northius.com\/pt\/#\/schema\/person\/image\/\",\"url\":\"https:\/\/secure.gravatar.com\/avatar\/87f2d7e606e37c05cbc93d9e5b1647702916c007037c7a1cec8bc26fadef6391?s=96&d=mm&r=g\",\"contentUrl\":\"https:\/\/secure.gravatar.com\/avatar\/87f2d7e606e37c05cbc93d9e5b1647702916c007037c7a1cec8bc26fadef6391?s=96&d=mm&r=g\",\"caption\":\"Sonia Dapena\"}}]}<\/script>\n<!-- \/ Yoast SEO plugin. -->","yoast_head_json":{"title":"Northius e a Fundaci\u00f3n Santa Mar\u00eda la Real concedem 20 bolsas de forma\u00e7\u00e3o - Northius","description":"Gra\u00e7as \u00e0 campanha \"Desencadena el #EfectoSolidaridad\" e a um acordo de colabora\u00e7\u00e3o com o grupo Northius, 20 pessoas em situa\u00e7\u00e3o de vulnerabilidade receber\u00e3o forma\u00e7\u00e3o especializada","robots":{"index":"index","follow":"follow","max-snippet":"max-snippet:-1","max-image-preview":"max-image-preview:large","max-video-preview":"max-video-preview:-1"},"canonical":"https:\/\/northius.com\/pt\/noticias\/northius-e-a-fundacion-santa-maria-la-real-concedem-20-bolsas-de-formacao\/","og_locale":"pt_PT","og_type":"article","og_title":"Northius e a Fundaci\u00f3n Santa Mar\u00eda la Real concedem 20 bolsas de forma\u00e7\u00e3o - Northius","og_description":"Gra\u00e7as \u00e0 campanha \"Desencadena el #EfectoSolidaridad\" e a um acordo de colabora\u00e7\u00e3o com o grupo Northius, 20 pessoas em situa\u00e7\u00e3o de vulnerabilidade receber\u00e3o forma\u00e7\u00e3o especializada","og_url":"https:\/\/northius.com\/pt\/noticias\/northius-e-a-fundacion-santa-maria-la-real-concedem-20-bolsas-de-formacao\/","og_site_name":"Northius","article_published_time":"2023-11-14T09:33:50+00:00","article_modified_time":"2024-02-14T17:20:55+00:00","og_image":[{"width":4240,"height":2384,"url":"https:\/\/northius.com\/wp-content\/uploads\/2023\/11\/Acuerdo-Fundacion-Santa-Maria-la-Real-y-Northius-1.jpg","type":"image\/jpeg"}],"author":"Sonia Dapena","twitter_card":"summary_large_image","twitter_misc":{"Written by":"Sonia Dapena","Est. reading time":"3 minutes"},"schema":{"@context":"https:\/\/schema.org","@graph":[{"@type":"Article","@id":"https:\/\/northius.com\/pt\/noticias\/northius-e-a-fundacion-santa-maria-la-real-concedem-20-bolsas-de-formacao\/#article","isPartOf":{"@id":"https:\/\/northius.com\/pt\/noticias\/northius-e-a-fundacion-santa-maria-la-real-concedem-20-bolsas-de-formacao\/"},"author":{"name":"Sonia Dapena","@id":"https:\/\/northius.com\/pt\/#\/schema\/person\/5c2fd11db44b59c0e86d021d58148e7d"},"headline":"Northius e a Fundaci\u00f3n Santa Mar\u00eda la Real concedem 20 bolsas de forma\u00e7\u00e3o","datePublished":"2023-11-14T09:33:50+00:00","dateModified":"2024-02-14T17:20:55+00:00","mainEntityOfPage":{"@id":"https:\/\/northius.com\/pt\/noticias\/northius-e-a-fundacion-santa-maria-la-real-concedem-20-bolsas-de-formacao\/"},"wordCount":569,"commentCount":0,"publisher":{"@id":"https:\/\/northius.com\/pt\/#organization"},"image":{"@id":"https:\/\/northius.com\/pt\/noticias\/northius-e-a-fundacion-santa-maria-la-real-concedem-20-bolsas-de-formacao\/#primaryimage"},"thumbnailUrl":"https:\/\/northius.com\/wp-content\/uploads\/2023\/11\/Acuerdo-Fundacion-Santa-Maria-la-Real-y-Northius-1.jpg","keywords":["est\u00e1gios","forma\u00e7\u00e3o","fundaci\u00f3n santa mar\u00eda la real","inclus\u00e3o","northius"],"articleSection":["Not\u00edcias","Sin categorizar"],"inLanguage":"pt-P","potentialAction":[{"@type":"CommentAction","name":"Comment","target":["https:\/\/northius.com\/pt\/noticias\/northius-e-a-fundacion-santa-maria-la-real-concedem-20-bolsas-de-formacao\/#respond"]}]},{"@type":"WebPage","@id":"https:\/\/northius.com\/pt\/noticias\/northius-e-a-fundacion-santa-maria-la-real-concedem-20-bolsas-de-formacao\/","url":"https:\/\/northius.com\/pt\/noticias\/northius-e-a-fundacion-santa-maria-la-real-concedem-20-bolsas-de-formacao\/","name":"Northius e a Fundaci\u00f3n Santa Mar\u00eda la Real concedem 20 bolsas de forma\u00e7\u00e3o - Northius","isPartOf":{"@id":"https:\/\/northius.com\/pt\/#website"},"primaryImageOfPage":{"@id":"https:\/\/northius.com\/pt\/noticias\/northius-e-a-fundacion-santa-maria-la-real-concedem-20-bolsas-de-formacao\/#primaryimage"},"image":{"@id":"https:\/\/northius.com\/pt\/noticias\/northius-e-a-fundacion-santa-maria-la-real-concedem-20-bolsas-de-formacao\/#primaryimage"},"thumbnailUrl":"https:\/\/northius.com\/wp-content\/uploads\/2023\/11\/Acuerdo-Fundacion-Santa-Maria-la-Real-y-Northius-1.jpg","datePublished":"2023-11-14T09:33:50+00:00","dateModified":"2024-02-14T17:20:55+00:00","description":"Gra\u00e7as \u00e0 campanha \"Desencadena el #EfectoSolidaridad\" e a um acordo de colabora\u00e7\u00e3o com o grupo Northius, 20 pessoas em situa\u00e7\u00e3o de vulnerabilidade receber\u00e3o forma\u00e7\u00e3o especializada","breadcrumb":{"@id":"https:\/\/northius.com\/pt\/noticias\/northius-e-a-fundacion-santa-maria-la-real-concedem-20-bolsas-de-formacao\/#breadcrumb"},"inLanguage":"pt-P","potentialAction":[{"@type":"ReadAction","target":["https:\/\/northius.com\/pt\/noticias\/northius-e-a-fundacion-santa-maria-la-real-concedem-20-bolsas-de-formacao\/"]}]},{"@type":"ImageObject","inLanguage":"pt-P","@id":"https:\/\/northius.com\/pt\/noticias\/northius-e-a-fundacion-santa-maria-la-real-concedem-20-bolsas-de-formacao\/#primaryimage","url":"https:\/\/northius.com\/wp-content\/uploads\/2023\/11\/Acuerdo-Fundacion-Santa-Maria-la-Real-y-Northius-1.jpg","contentUrl":"https:\/\/northius.com\/wp-content\/uploads\/2023\/11\/Acuerdo-Fundacion-Santa-Maria-la-Real-y-Northius-1.jpg","width":4240,"height":2384},{"@type":"BreadcrumbList","@id":"https:\/\/northius.com\/pt\/noticias\/northius-e-a-fundacion-santa-maria-la-real-concedem-20-bolsas-de-formacao\/#breadcrumb","itemListElement":[{"@type":"ListItem","position":1,"name":"Inicio","item":"https:\/\/northius.com\/pt\/"},{"@type":"ListItem","position":2,"name":"Northius e a Fundaci\u00f3n Santa Mar\u00eda la Real concedem 20 bolsas de forma\u00e7\u00e3o"}]},{"@type":"WebSite","@id":"https:\/\/northius.com\/pt\/#website","url":"https:\/\/northius.com\/pt\/","name":"Northius","description":"El grupo educativo de formaci\u00f3n especializada","publisher":{"@id":"https:\/\/northius.com\/pt\/#organization"},"potentialAction":[{"@type":"SearchAction","target":{"@type":"EntryPoint","urlTemplate":"https:\/\/northius.com\/pt\/?s={search_term_string}"},"query-input":{"@type":"PropertyValueSpecification","valueRequired":true,"valueName":"search_term_string"}}],"inLanguage":"pt-P"},{"@type":"Organization","@id":"https:\/\/northius.com\/pt\/#organization","name":"Northius","url":"https:\/\/northius.com\/pt\/","logo":{"@type":"ImageObject","inLanguage":"pt-P","@id":"https:\/\/northius.com\/pt\/#\/schema\/logo\/image\/","url":"https:\/\/northius.com\/wp-content\/uploads\/2022\/05\/logo.svg","contentUrl":"https:\/\/northius.com\/wp-content\/uploads\/2022\/05\/logo.svg","width":196,"height":36,"caption":"Northius"},"image":{"@id":"https:\/\/northius.com\/pt\/#\/schema\/logo\/image\/"}},{"@type":"Person","@id":"https:\/\/northius.com\/pt\/#\/schema\/person\/5c2fd11db44b59c0e86d021d58148e7d","name":"Sonia Dapena","image":{"@type":"ImageObject","inLanguage":"pt-P","@id":"https:\/\/northius.com\/pt\/#\/schema\/person\/image\/","url":"https:\/\/secure.gravatar.com\/avatar\/87f2d7e606e37c05cbc93d9e5b1647702916c007037c7a1cec8bc26fadef6391?s=96&d=mm&r=g","contentUrl":"https:\/\/secure.gravatar.com\/avatar\/87f2d7e606e37c05cbc93d9e5b1647702916c007037c7a1cec8bc26fadef6391?s=96&d=mm&r=g","caption":"Sonia Dapena"}}]}},"_links":{"self":[{"href":"https:\/\/northius.com\/pt\/wp-json\/wp\/v2\/posts\/7802","targetHints":{"allow":["GET"]}}],"collection":[{"href":"https:\/\/northius.com\/pt\/wp-json\/wp\/v2\/posts"}],"about":[{"href":"https:\/\/northius.com\/pt\/wp-json\/wp\/v2\/types\/post"}],"author":[{"embeddable":true,"href":"https:\/\/northius.com\/pt\/wp-json\/wp\/v2\/users\/19"}],"replies":[{"embeddable":true,"href":"https:\/\/northius.com\/pt\/wp-json\/wp\/v2\/comments?post=7802"}],"version-history":[{"count":1,"href":"https:\/\/northius.com\/pt\/wp-json\/wp\/v2\/posts\/7802\/revisions"}],"predecessor-version":[{"id":7813,"href":"https:\/\/northius.com\/pt\/wp-json\/wp\/v2\/posts\/7802\/revisions\/7813"}],"wp:featuredmedia":[{"embeddable":true,"href":"https:\/\/northius.com\/pt\/wp-json\/wp\/v2\/media\/7594"}],"wp:attachment":[{"href":"https:\/\/northius.com\/pt\/wp-json\/wp\/v2\/media?parent=7802"}],"wp:term":[{"taxonomy":"category","embeddable":true,"href":"https:\/\/northius.com\/pt\/wp-json\/wp\/v2\/categories?post=7802"},{"taxonomy":"post_tag","embeddable":true,"href":"https:\/\/northius.com\/pt\/wp-json\/wp\/v2\/tags?post=7802"}],"curies":[{"name":"wp","href":"https:\/\/api.w.org\/{rel}","templated":true}]}}