{"id":7799,"date":"2024-02-05T11:37:24","date_gmt":"2024-02-05T11:37:24","guid":{"rendered":"https:\/\/northius.com\/northius-renova-o-seu-acordo-com-o-deportivo-e-reforca-o-seu-compromisso-com-a-corunha\/"},"modified":"2024-02-05T11:37:24","modified_gmt":"2024-02-05T11:37:24","slug":"northius-renova-o-seu-acordo-com-o-deportivo-e-reforca-o-seu-compromisso-com-a-corunha","status":"publish","type":"post","link":"https:\/\/northius.com\/pt\/noticias\/northius-renova-o-seu-acordo-com-o-deportivo-e-reforca-o-seu-compromisso-com-a-corunha\/","title":{"rendered":"Northius renova o seu acordo com o Deportivo e refor\u00e7a o seu compromisso com a Corunha"},"content":{"rendered":"<ul>\n<li><strong>O grupo corunh\u00eas, l\u00edder em forma\u00e7\u00e3o em Espanha, conta com mais de 450 trabalhadores na cidade.<\/strong><\/li>\n<li><strong>O R.C. Deportivo conta com mais de 28.000 s\u00f3cios, um n\u00famero que supera o de 12 clubes da primeira divis\u00e3o.<br \/>\n<\/strong><\/li>\n<\/ul>\n<p><\/br><br \/>\n<img fetchpriority=\"high\" decoding=\"async\" class=\"wp-image-7774 aligncenter\" src=\"https:\/\/northius.com\/wp-content\/uploads\/2024\/02\/DEPOR-PATROCINIO-edit-ligera.jpg\" alt=\"\" width=\"683\" height=\"455\"><\/p>\n<p>&nbsp;<\/p>\n<p>Northius, o grupo galego l\u00edder em forma\u00e7\u00e3o em Espanha, refor\u00e7a o seu compromisso com a cidade da Corunha atrav\u00e9s da<strong> renova\u00e7\u00e3o do seu acordo de colabora\u00e7\u00e3o com o RC Deportivo at\u00e9 ao final da presente temporada<\/strong>. Desta forma, a empresa continua a vincular-se social, cultural e desportivamente \u00e0 sua cidade natal e sede, onde conta com 452 funcion\u00e1rios, cerca de metade da sua for\u00e7a de trabalho.<\/p>\n<p>Atrav\u00e9s deste patroc\u00ednio, a Northius mant\u00e9m o seu apoio a um clube que conta com mais de 28.000 associados, um n\u00famero que supera o de 12 equipas da primeira divis\u00e3o e que demonstra o envolvimento dos cidad\u00e3os da Corunha com o clube da sua cidade.<\/p>\n<p>\u201cNa Northius estamos <strong>muito orgulhosos de poder renovar o nosso v\u00ednculo com o D\u00e9por e continuar a apoiar o clube da cidade que nos viu nascer<\/strong>\u201d afirma Carlos D\u00edaz, presidente da Northius. \u201cA cidade da Corunha est\u00e1 completamente empenhada em que o D\u00e9por volte ao lugar que merece e, desde a Northius, queremos contribuir com o nosso gr\u00e3o de areia para este objetivo ambicioso que estamos seguros que ser\u00e1 alcan\u00e7ado\u201d, conclui D\u00edaz.<\/p>\n<p>\u201cPara o RC Deportivo \u00e9 muito importante contar com o apoio das grandes empresas da nossa cidade. <strong>A Northius \u00e9 o exemplo do enraizamento do tecido empresarial corunh\u00eas e de uma empresa de refer\u00eancia no seu setor com o D\u00e9por<\/strong>. Para n\u00f3s \u00e9 um orgulho poder ir de m\u00e3os dadas com eles para alcan\u00e7armos os nossos objetivos&#8221;, afirma o presidente do RC Deportivo, \u00c1lvaro Garc\u00eda Di\u00e9guez.<\/p>\n<p>O grupo <a href=\"https:\/\/northius.com\/\">Northius<\/a> conta com mais de 35.000 novas matr\u00edculas por ano nas suas institui\u00e7\u00f5es de ensino, um facto que lhe permite posicionar-se como a empresa l\u00edder em forma\u00e7\u00e3o e prepara\u00e7\u00e3o dos profissionais do futuro em Espanha.<\/p>\n","protected":false},"excerpt":{"rendered":"<p>O grupo corunh\u00eas, l\u00edder em forma\u00e7\u00e3o em Espanha, conta com mais de 450 trabalhadores na cidade. O R.C. Deportivo conta com mais de 28.000 s\u00f3cios, um n\u00famero que supera o de 12 clubes da primeira divis\u00e3o. &nbsp; Northius, o grupo galego l\u00edder em forma\u00e7\u00e3o em Espanha, refor\u00e7a o seu compromisso com a cidade da Corunha [&hellip;]<\/p>\n","protected":false},"author":19,"featured_media":0,"comment_status":"open","ping_status":"open","sticky":false,"template":"","format":"standard","meta":{"_acf_changed":false,"inline_featured_image":false,"footnotes":""},"categories":[70,64],"tags":[92,97,96,90,101,102],"class_list":["post-7799","post","type-post","status-publish","format-standard","hentry","category-noticias-pt","category-sin-categorizar","tag-a-coruna-pt","tag-depor-pt","tag-deportivo-pt","tag-northius-pt","tag-patrocinio-pt","tag-real-club-deportivo-a-coruna-pt"],"acf":[],"yoast_head":"<!-- This site is optimized with the Yoast SEO plugin v26.2 - https:\/\/yoast.com\/wordpress\/plugins\/seo\/ -->\n<title>Northius renova o seu acordo com o Deportivo e refor\u00e7a o seu compromisso com a Corunha - Northius<\/title>\n<meta name=\"description\" content=\"Northius, o grupo galego l\u00edder em forma\u00e7\u00e3o em Espanha, refor\u00e7a o seu compromisso com a cidade da Corunha atrav\u00e9s da renova\u00e7\u00e3o do seu acordo de colabora\u00e7\u00e3o com o RC Deportivo at\u00e9 ao final da presente temporada.\" \/>\n<meta name=\"robots\" content=\"index, follow, max-snippet:-1, max-image-preview:large, max-video-preview:-1\" \/>\n<link rel=\"canonical\" href=\"https:\/\/northius.com\/pt\/noticias\/northius-renova-o-seu-acordo-com-o-deportivo-e-reforca-o-seu-compromisso-com-a-corunha\/\" \/>\n<meta property=\"og:locale\" content=\"pt_PT\" \/>\n<meta property=\"og:type\" content=\"article\" \/>\n<meta property=\"og:title\" content=\"Northius renova o seu acordo com o Deportivo e refor\u00e7a o seu compromisso com a Corunha - Northius\" \/>\n<meta property=\"og:description\" content=\"Northius, o grupo galego l\u00edder em forma\u00e7\u00e3o em Espanha, refor\u00e7a o seu compromisso com a cidade da Corunha atrav\u00e9s da renova\u00e7\u00e3o do seu acordo de colabora\u00e7\u00e3o com o RC Deportivo at\u00e9 ao final da presente temporada.\" \/>\n<meta property=\"og:url\" content=\"https:\/\/northius.com\/pt\/noticias\/northius-renova-o-seu-acordo-com-o-deportivo-e-reforca-o-seu-compromisso-com-a-corunha\/\" \/>\n<meta property=\"og:site_name\" content=\"Northius\" \/>\n<meta property=\"article:published_time\" content=\"2024-02-05T11:37:24+00:00\" \/>\n<meta property=\"og:image\" content=\"https:\/\/northius.com\/wp-content\/uploads\/2024\/02\/DEPOR-PATROCINIO-edit-ligera.jpg\" \/>\n<meta name=\"author\" content=\"Sonia Dapena\" \/>\n<meta name=\"twitter:card\" content=\"summary_large_image\" \/>\n<meta name=\"twitter:label1\" content=\"Written by\" \/>\n\t<meta name=\"twitter:data1\" content=\"Sonia Dapena\" \/>\n\t<meta name=\"twitter:label2\" content=\"Est. reading time\" \/>\n\t<meta name=\"twitter:data2\" content=\"2 minutes\" \/>\n<script type=\"application\/ld+json\" class=\"yoast-schema-graph\">{\"@context\":\"https:\/\/schema.org\",\"@graph\":[{\"@type\":\"Article\",\"@id\":\"https:\/\/northius.com\/pt\/noticias\/northius-renova-o-seu-acordo-com-o-deportivo-e-reforca-o-seu-compromisso-com-a-corunha\/#article\",\"isPartOf\":{\"@id\":\"https:\/\/northius.com\/pt\/noticias\/northius-renova-o-seu-acordo-com-o-deportivo-e-reforca-o-seu-compromisso-com-a-corunha\/\"},\"author\":{\"name\":\"Sonia Dapena\",\"@id\":\"https:\/\/northius.com\/pt\/#\/schema\/person\/5c2fd11db44b59c0e86d021d58148e7d\"},\"headline\":\"Northius renova o seu acordo com o Deportivo e refor\u00e7a o seu compromisso com a Corunha\",\"datePublished\":\"2024-02-05T11:37:24+00:00\",\"mainEntityOfPage\":{\"@id\":\"https:\/\/northius.com\/pt\/noticias\/northius-renova-o-seu-acordo-com-o-deportivo-e-reforca-o-seu-compromisso-com-a-corunha\/\"},\"wordCount\":370,\"commentCount\":0,\"publisher\":{\"@id\":\"https:\/\/northius.com\/pt\/#organization\"},\"image\":{\"@id\":\"https:\/\/northius.com\/pt\/noticias\/northius-renova-o-seu-acordo-com-o-deportivo-e-reforca-o-seu-compromisso-com-a-corunha\/#primaryimage\"},\"thumbnailUrl\":\"https:\/\/northius.com\/wp-content\/uploads\/2024\/02\/DEPOR-PATROCINIO-edit-ligera.jpg\",\"keywords\":[\"a coru\u00f1a\",\"d\u00e9por\",\"deportivo\",\"northius\",\"patroc\u00ednio\",\"real club deportivo a coru\u00f1a\"],\"articleSection\":[\"Not\u00edcias\",\"Sin categorizar\"],\"inLanguage\":\"pt-P\",\"potentialAction\":[{\"@type\":\"CommentAction\",\"name\":\"Comment\",\"target\":[\"https:\/\/northius.com\/pt\/noticias\/northius-renova-o-seu-acordo-com-o-deportivo-e-reforca-o-seu-compromisso-com-a-corunha\/#respond\"]}]},{\"@type\":\"WebPage\",\"@id\":\"https:\/\/northius.com\/pt\/noticias\/northius-renova-o-seu-acordo-com-o-deportivo-e-reforca-o-seu-compromisso-com-a-corunha\/\",\"url\":\"https:\/\/northius.com\/pt\/noticias\/northius-renova-o-seu-acordo-com-o-deportivo-e-reforca-o-seu-compromisso-com-a-corunha\/\",\"name\":\"Northius renova o seu acordo com o Deportivo e refor\u00e7a o seu compromisso com a Corunha - Northius\",\"isPartOf\":{\"@id\":\"https:\/\/northius.com\/pt\/#website\"},\"primaryImageOfPage\":{\"@id\":\"https:\/\/northius.com\/pt\/noticias\/northius-renova-o-seu-acordo-com-o-deportivo-e-reforca-o-seu-compromisso-com-a-corunha\/#primaryimage\"},\"image\":{\"@id\":\"https:\/\/northius.com\/pt\/noticias\/northius-renova-o-seu-acordo-com-o-deportivo-e-reforca-o-seu-compromisso-com-a-corunha\/#primaryimage\"},\"thumbnailUrl\":\"https:\/\/northius.com\/wp-content\/uploads\/2024\/02\/DEPOR-PATROCINIO-edit-ligera.jpg\",\"datePublished\":\"2024-02-05T11:37:24+00:00\",\"description\":\"Northius, o grupo galego l\u00edder em forma\u00e7\u00e3o em Espanha, refor\u00e7a o seu compromisso com a cidade da Corunha atrav\u00e9s da renova\u00e7\u00e3o do seu acordo de colabora\u00e7\u00e3o com o RC Deportivo at\u00e9 ao final da presente temporada.\",\"breadcrumb\":{\"@id\":\"https:\/\/northius.com\/pt\/noticias\/northius-renova-o-seu-acordo-com-o-deportivo-e-reforca-o-seu-compromisso-com-a-corunha\/#breadcrumb\"},\"inLanguage\":\"pt-P\",\"potentialAction\":[{\"@type\":\"ReadAction\",\"target\":[\"https:\/\/northius.com\/pt\/noticias\/northius-renova-o-seu-acordo-com-o-deportivo-e-reforca-o-seu-compromisso-com-a-corunha\/\"]}]},{\"@type\":\"ImageObject\",\"inLanguage\":\"pt-P\",\"@id\":\"https:\/\/northius.com\/pt\/noticias\/northius-renova-o-seu-acordo-com-o-deportivo-e-reforca-o-seu-compromisso-com-a-corunha\/#primaryimage\",\"url\":\"https:\/\/northius.com\/wp-content\/uploads\/2024\/02\/DEPOR-PATROCINIO-edit-ligera.jpg\",\"contentUrl\":\"https:\/\/northius.com\/wp-content\/uploads\/2024\/02\/DEPOR-PATROCINIO-edit-ligera.jpg\"},{\"@type\":\"BreadcrumbList\",\"@id\":\"https:\/\/northius.com\/pt\/noticias\/northius-renova-o-seu-acordo-com-o-deportivo-e-reforca-o-seu-compromisso-com-a-corunha\/#breadcrumb\",\"itemListElement\":[{\"@type\":\"ListItem\",\"position\":1,\"name\":\"Inicio\",\"item\":\"https:\/\/northius.com\/pt\/\"},{\"@type\":\"ListItem\",\"position\":2,\"name\":\"Northius renova o seu acordo com o Deportivo e refor\u00e7a o seu compromisso com a Corunha\"}]},{\"@type\":\"WebSite\",\"@id\":\"https:\/\/northius.com\/pt\/#website\",\"url\":\"https:\/\/northius.com\/pt\/\",\"name\":\"Northius\",\"description\":\"El grupo educativo de formaci\u00f3n especializada\",\"publisher\":{\"@id\":\"https:\/\/northius.com\/pt\/#organization\"},\"potentialAction\":[{\"@type\":\"SearchAction\",\"target\":{\"@type\":\"EntryPoint\",\"urlTemplate\":\"https:\/\/northius.com\/pt\/?s={search_term_string}\"},\"query-input\":{\"@type\":\"PropertyValueSpecification\",\"valueRequired\":true,\"valueName\":\"search_term_string\"}}],\"inLanguage\":\"pt-P\"},{\"@type\":\"Organization\",\"@id\":\"https:\/\/northius.com\/pt\/#organization\",\"name\":\"Northius\",\"url\":\"https:\/\/northius.com\/pt\/\",\"logo\":{\"@type\":\"ImageObject\",\"inLanguage\":\"pt-P\",\"@id\":\"https:\/\/northius.com\/pt\/#\/schema\/logo\/image\/\",\"url\":\"https:\/\/northius.com\/wp-content\/uploads\/2022\/05\/logo.svg\",\"contentUrl\":\"https:\/\/northius.com\/wp-content\/uploads\/2022\/05\/logo.svg\",\"width\":196,\"height\":36,\"caption\":\"Northius\"},\"image\":{\"@id\":\"https:\/\/northius.com\/pt\/#\/schema\/logo\/image\/\"}},{\"@type\":\"Person\",\"@id\":\"https:\/\/northius.com\/pt\/#\/schema\/person\/5c2fd11db44b59c0e86d021d58148e7d\",\"name\":\"Sonia Dapena\",\"image\":{\"@type\":\"ImageObject\",\"inLanguage\":\"pt-P\",\"@id\":\"https:\/\/northius.com\/pt\/#\/schema\/person\/image\/\",\"url\":\"https:\/\/secure.gravatar.com\/avatar\/87f2d7e606e37c05cbc93d9e5b1647702916c007037c7a1cec8bc26fadef6391?s=96&d=mm&r=g\",\"contentUrl\":\"https:\/\/secure.gravatar.com\/avatar\/87f2d7e606e37c05cbc93d9e5b1647702916c007037c7a1cec8bc26fadef6391?s=96&d=mm&r=g\",\"caption\":\"Sonia Dapena\"}}]}<\/script>\n<!-- \/ Yoast SEO plugin. -->","yoast_head_json":{"title":"Northius renova o seu acordo com o Deportivo e refor\u00e7a o seu compromisso com a Corunha - Northius","description":"Northius, o grupo galego l\u00edder em forma\u00e7\u00e3o em Espanha, refor\u00e7a o seu compromisso com a cidade da Corunha atrav\u00e9s da renova\u00e7\u00e3o do seu acordo de colabora\u00e7\u00e3o com o RC Deportivo at\u00e9 ao final da presente temporada.","robots":{"index":"index","follow":"follow","max-snippet":"max-snippet:-1","max-image-preview":"max-image-preview:large","max-video-preview":"max-video-preview:-1"},"canonical":"https:\/\/northius.com\/pt\/noticias\/northius-renova-o-seu-acordo-com-o-deportivo-e-reforca-o-seu-compromisso-com-a-corunha\/","og_locale":"pt_PT","og_type":"article","og_title":"Northius renova o seu acordo com o Deportivo e refor\u00e7a o seu compromisso com a Corunha - Northius","og_description":"Northius, o grupo galego l\u00edder em forma\u00e7\u00e3o em Espanha, refor\u00e7a o seu compromisso com a cidade da Corunha atrav\u00e9s da renova\u00e7\u00e3o do seu acordo de colabora\u00e7\u00e3o com o RC Deportivo at\u00e9 ao final da presente temporada.","og_url":"https:\/\/northius.com\/pt\/noticias\/northius-renova-o-seu-acordo-com-o-deportivo-e-reforca-o-seu-compromisso-com-a-corunha\/","og_site_name":"Northius","article_published_time":"2024-02-05T11:37:24+00:00","og_image":[{"url":"https:\/\/northius.com\/wp-content\/uploads\/2024\/02\/DEPOR-PATROCINIO-edit-ligera.jpg","type":"","width":"","height":""}],"author":"Sonia Dapena","twitter_card":"summary_large_image","twitter_misc":{"Written by":"Sonia Dapena","Est. reading time":"2 minutes"},"schema":{"@context":"https:\/\/schema.org","@graph":[{"@type":"Article","@id":"https:\/\/northius.com\/pt\/noticias\/northius-renova-o-seu-acordo-com-o-deportivo-e-reforca-o-seu-compromisso-com-a-corunha\/#article","isPartOf":{"@id":"https:\/\/northius.com\/pt\/noticias\/northius-renova-o-seu-acordo-com-o-deportivo-e-reforca-o-seu-compromisso-com-a-corunha\/"},"author":{"name":"Sonia Dapena","@id":"https:\/\/northius.com\/pt\/#\/schema\/person\/5c2fd11db44b59c0e86d021d58148e7d"},"headline":"Northius renova o seu acordo com o Deportivo e refor\u00e7a o seu compromisso com a Corunha","datePublished":"2024-02-05T11:37:24+00:00","mainEntityOfPage":{"@id":"https:\/\/northius.com\/pt\/noticias\/northius-renova-o-seu-acordo-com-o-deportivo-e-reforca-o-seu-compromisso-com-a-corunha\/"},"wordCount":370,"commentCount":0,"publisher":{"@id":"https:\/\/northius.com\/pt\/#organization"},"image":{"@id":"https:\/\/northius.com\/pt\/noticias\/northius-renova-o-seu-acordo-com-o-deportivo-e-reforca-o-seu-compromisso-com-a-corunha\/#primaryimage"},"thumbnailUrl":"https:\/\/northius.com\/wp-content\/uploads\/2024\/02\/DEPOR-PATROCINIO-edit-ligera.jpg","keywords":["a coru\u00f1a","d\u00e9por","deportivo","northius","patroc\u00ednio","real club deportivo a coru\u00f1a"],"articleSection":["Not\u00edcias","Sin categorizar"],"inLanguage":"pt-P","potentialAction":[{"@type":"CommentAction","name":"Comment","target":["https:\/\/northius.com\/pt\/noticias\/northius-renova-o-seu-acordo-com-o-deportivo-e-reforca-o-seu-compromisso-com-a-corunha\/#respond"]}]},{"@type":"WebPage","@id":"https:\/\/northius.com\/pt\/noticias\/northius-renova-o-seu-acordo-com-o-deportivo-e-reforca-o-seu-compromisso-com-a-corunha\/","url":"https:\/\/northius.com\/pt\/noticias\/northius-renova-o-seu-acordo-com-o-deportivo-e-reforca-o-seu-compromisso-com-a-corunha\/","name":"Northius renova o seu acordo com o Deportivo e refor\u00e7a o seu compromisso com a Corunha - Northius","isPartOf":{"@id":"https:\/\/northius.com\/pt\/#website"},"primaryImageOfPage":{"@id":"https:\/\/northius.com\/pt\/noticias\/northius-renova-o-seu-acordo-com-o-deportivo-e-reforca-o-seu-compromisso-com-a-corunha\/#primaryimage"},"image":{"@id":"https:\/\/northius.com\/pt\/noticias\/northius-renova-o-seu-acordo-com-o-deportivo-e-reforca-o-seu-compromisso-com-a-corunha\/#primaryimage"},"thumbnailUrl":"https:\/\/northius.com\/wp-content\/uploads\/2024\/02\/DEPOR-PATROCINIO-edit-ligera.jpg","datePublished":"2024-02-05T11:37:24+00:00","description":"Northius, o grupo galego l\u00edder em forma\u00e7\u00e3o em Espanha, refor\u00e7a o seu compromisso com a cidade da Corunha atrav\u00e9s da renova\u00e7\u00e3o do seu acordo de colabora\u00e7\u00e3o com o RC Deportivo at\u00e9 ao final da presente temporada.","breadcrumb":{"@id":"https:\/\/northius.com\/pt\/noticias\/northius-renova-o-seu-acordo-com-o-deportivo-e-reforca-o-seu-compromisso-com-a-corunha\/#breadcrumb"},"inLanguage":"pt-P","potentialAction":[{"@type":"ReadAction","target":["https:\/\/northius.com\/pt\/noticias\/northius-renova-o-seu-acordo-com-o-deportivo-e-reforca-o-seu-compromisso-com-a-corunha\/"]}]},{"@type":"ImageObject","inLanguage":"pt-P","@id":"https:\/\/northius.com\/pt\/noticias\/northius-renova-o-seu-acordo-com-o-deportivo-e-reforca-o-seu-compromisso-com-a-corunha\/#primaryimage","url":"https:\/\/northius.com\/wp-content\/uploads\/2024\/02\/DEPOR-PATROCINIO-edit-ligera.jpg","contentUrl":"https:\/\/northius.com\/wp-content\/uploads\/2024\/02\/DEPOR-PATROCINIO-edit-ligera.jpg"},{"@type":"BreadcrumbList","@id":"https:\/\/northius.com\/pt\/noticias\/northius-renova-o-seu-acordo-com-o-deportivo-e-reforca-o-seu-compromisso-com-a-corunha\/#breadcrumb","itemListElement":[{"@type":"ListItem","position":1,"name":"Inicio","item":"https:\/\/northius.com\/pt\/"},{"@type":"ListItem","position":2,"name":"Northius renova o seu acordo com o Deportivo e refor\u00e7a o seu compromisso com a Corunha"}]},{"@type":"WebSite","@id":"https:\/\/northius.com\/pt\/#website","url":"https:\/\/northius.com\/pt\/","name":"Northius","description":"El grupo educativo de formaci\u00f3n especializada","publisher":{"@id":"https:\/\/northius.com\/pt\/#organization"},"potentialAction":[{"@type":"SearchAction","target":{"@type":"EntryPoint","urlTemplate":"https:\/\/northius.com\/pt\/?s={search_term_string}"},"query-input":{"@type":"PropertyValueSpecification","valueRequired":true,"valueName":"search_term_string"}}],"inLanguage":"pt-P"},{"@type":"Organization","@id":"https:\/\/northius.com\/pt\/#organization","name":"Northius","url":"https:\/\/northius.com\/pt\/","logo":{"@type":"ImageObject","inLanguage":"pt-P","@id":"https:\/\/northius.com\/pt\/#\/schema\/logo\/image\/","url":"https:\/\/northius.com\/wp-content\/uploads\/2022\/05\/logo.svg","contentUrl":"https:\/\/northius.com\/wp-content\/uploads\/2022\/05\/logo.svg","width":196,"height":36,"caption":"Northius"},"image":{"@id":"https:\/\/northius.com\/pt\/#\/schema\/logo\/image\/"}},{"@type":"Person","@id":"https:\/\/northius.com\/pt\/#\/schema\/person\/5c2fd11db44b59c0e86d021d58148e7d","name":"Sonia Dapena","image":{"@type":"ImageObject","inLanguage":"pt-P","@id":"https:\/\/northius.com\/pt\/#\/schema\/person\/image\/","url":"https:\/\/secure.gravatar.com\/avatar\/87f2d7e606e37c05cbc93d9e5b1647702916c007037c7a1cec8bc26fadef6391?s=96&d=mm&r=g","contentUrl":"https:\/\/secure.gravatar.com\/avatar\/87f2d7e606e37c05cbc93d9e5b1647702916c007037c7a1cec8bc26fadef6391?s=96&d=mm&r=g","caption":"Sonia Dapena"}}]}},"_links":{"self":[{"href":"https:\/\/northius.com\/pt\/wp-json\/wp\/v2\/posts\/7799","targetHints":{"allow":["GET"]}}],"collection":[{"href":"https:\/\/northius.com\/pt\/wp-json\/wp\/v2\/posts"}],"about":[{"href":"https:\/\/northius.com\/pt\/wp-json\/wp\/v2\/types\/post"}],"author":[{"embeddable":true,"href":"https:\/\/northius.com\/pt\/wp-json\/wp\/v2\/users\/19"}],"replies":[{"embeddable":true,"href":"https:\/\/northius.com\/pt\/wp-json\/wp\/v2\/comments?post=7799"}],"version-history":[{"count":0,"href":"https:\/\/northius.com\/pt\/wp-json\/wp\/v2\/posts\/7799\/revisions"}],"wp:attachment":[{"href":"https:\/\/northius.com\/pt\/wp-json\/wp\/v2\/media?parent=7799"}],"wp:term":[{"taxonomy":"category","embeddable":true,"href":"https:\/\/northius.com\/pt\/wp-json\/wp\/v2\/categories?post=7799"},{"taxonomy":"post_tag","embeddable":true,"href":"https:\/\/northius.com\/pt\/wp-json\/wp\/v2\/tags?post=7799"}],"curies":[{"name":"wp","href":"https:\/\/api.w.org\/{rel}","templated":true}]}}