{"id":7798,"date":"2024-02-06T09:05:14","date_gmt":"2024-02-06T09:05:14","guid":{"rendered":"https:\/\/northius.com\/o-grupo-educativo-northius-renova-o-seu-apoio-ao-deportivo\/"},"modified":"2024-02-14T17:16:53","modified_gmt":"2024-02-14T17:16:53","slug":"o-grupo-educativo-northius-renova-o-seu-apoio-ao-deportivo","status":"publish","type":"post","link":"https:\/\/northius.com\/pt\/noticias\/o-grupo-educativo-northius-renova-o-seu-apoio-ao-deportivo\/","title":{"rendered":"O grupo educativo Northius renova o seu apoio ao Deportivo."},"content":{"rendered":"","protected":false},"excerpt":{"rendered":"","protected":false},"author":19,"featured_media":0,"comment_status":"open","ping_status":"open","sticky":false,"template":"","format":"standard","meta":{"_acf_changed":false,"inline_featured_image":false,"footnotes":""},"categories":[71,64],"tags":[100,97,96,98,90,99],"class_list":["post-7798","post","type-post","status-publish","format-standard","hentry","category-clipping-pt","category-sin-categorizar","tag-a-coruna-a-coruna-pt","tag-depor-pt","tag-deportivo-pt","tag-desporto","tag-northius-pt","tag-real-club-deportivo-pt"],"acf":[],"yoast_head":"<!-- This site is optimized with the Yoast SEO plugin v26.2 - https:\/\/yoast.com\/wordpress\/plugins\/seo\/ -->\n<title>O grupo educativo Northius renova o seu apoio ao Deportivo. - Northius<\/title>\n<meta name=\"robots\" content=\"index, follow, max-snippet:-1, max-image-preview:large, max-video-preview:-1\" \/>\n<link rel=\"canonical\" href=\"https:\/\/northius.com\/pt\/noticias\/o-grupo-educativo-northius-renova-o-seu-apoio-ao-deportivo\/\" \/>\n<meta property=\"og:locale\" content=\"pt_PT\" \/>\n<meta property=\"og:type\" content=\"article\" \/>\n<meta property=\"og:title\" content=\"O grupo educativo Northius renova o seu apoio ao Deportivo. - Northius\" \/>\n<meta property=\"og:url\" content=\"https:\/\/northius.com\/pt\/noticias\/o-grupo-educativo-northius-renova-o-seu-apoio-ao-deportivo\/\" \/>\n<meta property=\"og:site_name\" content=\"Northius\" \/>\n<meta property=\"article:published_time\" content=\"2024-02-06T09:05:14+00:00\" \/>\n<meta property=\"article:modified_time\" content=\"2024-02-14T17:16:53+00:00\" \/>\n<meta name=\"author\" content=\"Sonia Dapena\" \/>\n<meta name=\"twitter:card\" content=\"summary_large_image\" \/>\n<meta name=\"twitter:label1\" content=\"Written by\" \/>\n\t<meta name=\"twitter:data1\" content=\"Sonia Dapena\" \/>\n<script type=\"application\/ld+json\" class=\"yoast-schema-graph\">{\"@context\":\"https:\/\/schema.org\",\"@graph\":[{\"@type\":\"Article\",\"@id\":\"https:\/\/northius.com\/pt\/noticias\/o-grupo-educativo-northius-renova-o-seu-apoio-ao-deportivo\/#article\",\"isPartOf\":{\"@id\":\"https:\/\/northius.com\/pt\/noticias\/o-grupo-educativo-northius-renova-o-seu-apoio-ao-deportivo\/\"},\"author\":{\"name\":\"Sonia Dapena\",\"@id\":\"https:\/\/northius.com\/pt\/#\/schema\/person\/5c2fd11db44b59c0e86d021d58148e7d\"},\"headline\":\"O grupo educativo Northius renova o seu apoio ao Deportivo.\",\"datePublished\":\"2024-02-06T09:05:14+00:00\",\"dateModified\":\"2024-02-14T17:16:53+00:00\",\"mainEntityOfPage\":{\"@id\":\"https:\/\/northius.com\/pt\/noticias\/o-grupo-educativo-northius-renova-o-seu-apoio-ao-deportivo\/\"},\"wordCount\":10,\"commentCount\":0,\"publisher\":{\"@id\":\"https:\/\/northius.com\/pt\/#organization\"},\"keywords\":[\"a coru\u00f1a a coru\u00f1a\",\"d\u00e9por\",\"deportivo\",\"desporto\",\"northius\",\"real club deportivo\"],\"articleSection\":[\"Clipping\",\"Sin categorizar\"],\"inLanguage\":\"pt-P\",\"potentialAction\":[{\"@type\":\"CommentAction\",\"name\":\"Comment\",\"target\":[\"https:\/\/northius.com\/pt\/noticias\/o-grupo-educativo-northius-renova-o-seu-apoio-ao-deportivo\/#respond\"]}]},{\"@type\":\"WebPage\",\"@id\":\"https:\/\/northius.com\/pt\/noticias\/o-grupo-educativo-northius-renova-o-seu-apoio-ao-deportivo\/\",\"url\":\"https:\/\/northius.com\/pt\/noticias\/o-grupo-educativo-northius-renova-o-seu-apoio-ao-deportivo\/\",\"name\":\"O grupo educativo Northius renova o seu apoio ao Deportivo. - Northius\",\"isPartOf\":{\"@id\":\"https:\/\/northius.com\/pt\/#website\"},\"datePublished\":\"2024-02-06T09:05:14+00:00\",\"dateModified\":\"2024-02-14T17:16:53+00:00\",\"breadcrumb\":{\"@id\":\"https:\/\/northius.com\/pt\/noticias\/o-grupo-educativo-northius-renova-o-seu-apoio-ao-deportivo\/#breadcrumb\"},\"inLanguage\":\"pt-P\",\"potentialAction\":[{\"@type\":\"ReadAction\",\"target\":[\"https:\/\/northius.com\/pt\/noticias\/o-grupo-educativo-northius-renova-o-seu-apoio-ao-deportivo\/\"]}]},{\"@type\":\"BreadcrumbList\",\"@id\":\"https:\/\/northius.com\/pt\/noticias\/o-grupo-educativo-northius-renova-o-seu-apoio-ao-deportivo\/#breadcrumb\",\"itemListElement\":[{\"@type\":\"ListItem\",\"position\":1,\"name\":\"Inicio\",\"item\":\"https:\/\/northius.com\/pt\/\"},{\"@type\":\"ListItem\",\"position\":2,\"name\":\"O grupo educativo Northius renova o seu apoio ao Deportivo.\"}]},{\"@type\":\"WebSite\",\"@id\":\"https:\/\/northius.com\/pt\/#website\",\"url\":\"https:\/\/northius.com\/pt\/\",\"name\":\"Northius\",\"description\":\"El grupo educativo de formaci\u00f3n especializada\",\"publisher\":{\"@id\":\"https:\/\/northius.com\/pt\/#organization\"},\"potentialAction\":[{\"@type\":\"SearchAction\",\"target\":{\"@type\":\"EntryPoint\",\"urlTemplate\":\"https:\/\/northius.com\/pt\/?s={search_term_string}\"},\"query-input\":{\"@type\":\"PropertyValueSpecification\",\"valueRequired\":true,\"valueName\":\"search_term_string\"}}],\"inLanguage\":\"pt-P\"},{\"@type\":\"Organization\",\"@id\":\"https:\/\/northius.com\/pt\/#organization\",\"name\":\"Northius\",\"url\":\"https:\/\/northius.com\/pt\/\",\"logo\":{\"@type\":\"ImageObject\",\"inLanguage\":\"pt-P\",\"@id\":\"https:\/\/northius.com\/pt\/#\/schema\/logo\/image\/\",\"url\":\"https:\/\/northius.com\/wp-content\/uploads\/2022\/05\/logo.svg\",\"contentUrl\":\"https:\/\/northius.com\/wp-content\/uploads\/2022\/05\/logo.svg\",\"width\":196,\"height\":36,\"caption\":\"Northius\"},\"image\":{\"@id\":\"https:\/\/northius.com\/pt\/#\/schema\/logo\/image\/\"}},{\"@type\":\"Person\",\"@id\":\"https:\/\/northius.com\/pt\/#\/schema\/person\/5c2fd11db44b59c0e86d021d58148e7d\",\"name\":\"Sonia Dapena\",\"image\":{\"@type\":\"ImageObject\",\"inLanguage\":\"pt-P\",\"@id\":\"https:\/\/northius.com\/pt\/#\/schema\/person\/image\/\",\"url\":\"https:\/\/secure.gravatar.com\/avatar\/87f2d7e606e37c05cbc93d9e5b1647702916c007037c7a1cec8bc26fadef6391?s=96&d=mm&r=g\",\"contentUrl\":\"https:\/\/secure.gravatar.com\/avatar\/87f2d7e606e37c05cbc93d9e5b1647702916c007037c7a1cec8bc26fadef6391?s=96&d=mm&r=g\",\"caption\":\"Sonia Dapena\"}}]}<\/script>\n<!-- \/ Yoast SEO plugin. -->","yoast_head_json":{"title":"O grupo educativo Northius renova o seu apoio ao Deportivo. - Northius","robots":{"index":"index","follow":"follow","max-snippet":"max-snippet:-1","max-image-preview":"max-image-preview:large","max-video-preview":"max-video-preview:-1"},"canonical":"https:\/\/northius.com\/pt\/noticias\/o-grupo-educativo-northius-renova-o-seu-apoio-ao-deportivo\/","og_locale":"pt_PT","og_type":"article","og_title":"O grupo educativo Northius renova o seu apoio ao Deportivo. - Northius","og_url":"https:\/\/northius.com\/pt\/noticias\/o-grupo-educativo-northius-renova-o-seu-apoio-ao-deportivo\/","og_site_name":"Northius","article_published_time":"2024-02-06T09:05:14+00:00","article_modified_time":"2024-02-14T17:16:53+00:00","author":"Sonia Dapena","twitter_card":"summary_large_image","twitter_misc":{"Written by":"Sonia Dapena"},"schema":{"@context":"https:\/\/schema.org","@graph":[{"@type":"Article","@id":"https:\/\/northius.com\/pt\/noticias\/o-grupo-educativo-northius-renova-o-seu-apoio-ao-deportivo\/#article","isPartOf":{"@id":"https:\/\/northius.com\/pt\/noticias\/o-grupo-educativo-northius-renova-o-seu-apoio-ao-deportivo\/"},"author":{"name":"Sonia Dapena","@id":"https:\/\/northius.com\/pt\/#\/schema\/person\/5c2fd11db44b59c0e86d021d58148e7d"},"headline":"O grupo educativo Northius renova o seu apoio ao Deportivo.","datePublished":"2024-02-06T09:05:14+00:00","dateModified":"2024-02-14T17:16:53+00:00","mainEntityOfPage":{"@id":"https:\/\/northius.com\/pt\/noticias\/o-grupo-educativo-northius-renova-o-seu-apoio-ao-deportivo\/"},"wordCount":10,"commentCount":0,"publisher":{"@id":"https:\/\/northius.com\/pt\/#organization"},"keywords":["a coru\u00f1a a coru\u00f1a","d\u00e9por","deportivo","desporto","northius","real club deportivo"],"articleSection":["Clipping","Sin categorizar"],"inLanguage":"pt-P","potentialAction":[{"@type":"CommentAction","name":"Comment","target":["https:\/\/northius.com\/pt\/noticias\/o-grupo-educativo-northius-renova-o-seu-apoio-ao-deportivo\/#respond"]}]},{"@type":"WebPage","@id":"https:\/\/northius.com\/pt\/noticias\/o-grupo-educativo-northius-renova-o-seu-apoio-ao-deportivo\/","url":"https:\/\/northius.com\/pt\/noticias\/o-grupo-educativo-northius-renova-o-seu-apoio-ao-deportivo\/","name":"O grupo educativo Northius renova o seu apoio ao Deportivo. - Northius","isPartOf":{"@id":"https:\/\/northius.com\/pt\/#website"},"datePublished":"2024-02-06T09:05:14+00:00","dateModified":"2024-02-14T17:16:53+00:00","breadcrumb":{"@id":"https:\/\/northius.com\/pt\/noticias\/o-grupo-educativo-northius-renova-o-seu-apoio-ao-deportivo\/#breadcrumb"},"inLanguage":"pt-P","potentialAction":[{"@type":"ReadAction","target":["https:\/\/northius.com\/pt\/noticias\/o-grupo-educativo-northius-renova-o-seu-apoio-ao-deportivo\/"]}]},{"@type":"BreadcrumbList","@id":"https:\/\/northius.com\/pt\/noticias\/o-grupo-educativo-northius-renova-o-seu-apoio-ao-deportivo\/#breadcrumb","itemListElement":[{"@type":"ListItem","position":1,"name":"Inicio","item":"https:\/\/northius.com\/pt\/"},{"@type":"ListItem","position":2,"name":"O grupo educativo Northius renova o seu apoio ao Deportivo."}]},{"@type":"WebSite","@id":"https:\/\/northius.com\/pt\/#website","url":"https:\/\/northius.com\/pt\/","name":"Northius","description":"El grupo educativo de formaci\u00f3n especializada","publisher":{"@id":"https:\/\/northius.com\/pt\/#organization"},"potentialAction":[{"@type":"SearchAction","target":{"@type":"EntryPoint","urlTemplate":"https:\/\/northius.com\/pt\/?s={search_term_string}"},"query-input":{"@type":"PropertyValueSpecification","valueRequired":true,"valueName":"search_term_string"}}],"inLanguage":"pt-P"},{"@type":"Organization","@id":"https:\/\/northius.com\/pt\/#organization","name":"Northius","url":"https:\/\/northius.com\/pt\/","logo":{"@type":"ImageObject","inLanguage":"pt-P","@id":"https:\/\/northius.com\/pt\/#\/schema\/logo\/image\/","url":"https:\/\/northius.com\/wp-content\/uploads\/2022\/05\/logo.svg","contentUrl":"https:\/\/northius.com\/wp-content\/uploads\/2022\/05\/logo.svg","width":196,"height":36,"caption":"Northius"},"image":{"@id":"https:\/\/northius.com\/pt\/#\/schema\/logo\/image\/"}},{"@type":"Person","@id":"https:\/\/northius.com\/pt\/#\/schema\/person\/5c2fd11db44b59c0e86d021d58148e7d","name":"Sonia Dapena","image":{"@type":"ImageObject","inLanguage":"pt-P","@id":"https:\/\/northius.com\/pt\/#\/schema\/person\/image\/","url":"https:\/\/secure.gravatar.com\/avatar\/87f2d7e606e37c05cbc93d9e5b1647702916c007037c7a1cec8bc26fadef6391?s=96&d=mm&r=g","contentUrl":"https:\/\/secure.gravatar.com\/avatar\/87f2d7e606e37c05cbc93d9e5b1647702916c007037c7a1cec8bc26fadef6391?s=96&d=mm&r=g","caption":"Sonia Dapena"}}]}},"_links":{"self":[{"href":"https:\/\/northius.com\/pt\/wp-json\/wp\/v2\/posts\/7798","targetHints":{"allow":["GET"]}}],"collection":[{"href":"https:\/\/northius.com\/pt\/wp-json\/wp\/v2\/posts"}],"about":[{"href":"https:\/\/northius.com\/pt\/wp-json\/wp\/v2\/types\/post"}],"author":[{"embeddable":true,"href":"https:\/\/northius.com\/pt\/wp-json\/wp\/v2\/users\/19"}],"replies":[{"embeddable":true,"href":"https:\/\/northius.com\/pt\/wp-json\/wp\/v2\/comments?post=7798"}],"version-history":[{"count":1,"href":"https:\/\/northius.com\/pt\/wp-json\/wp\/v2\/posts\/7798\/revisions"}],"predecessor-version":[{"id":7810,"href":"https:\/\/northius.com\/pt\/wp-json\/wp\/v2\/posts\/7798\/revisions\/7810"}],"wp:attachment":[{"href":"https:\/\/northius.com\/pt\/wp-json\/wp\/v2\/media?parent=7798"}],"wp:term":[{"taxonomy":"category","embeddable":true,"href":"https:\/\/northius.com\/pt\/wp-json\/wp\/v2\/categories?post=7798"},{"taxonomy":"post_tag","embeddable":true,"href":"https:\/\/northius.com\/pt\/wp-json\/wp\/v2\/tags?post=7798"}],"curies":[{"name":"wp","href":"https:\/\/api.w.org\/{rel}","templated":true}]}}