{"id":7308,"date":"2023-08-31T09:23:42","date_gmt":"2023-08-31T09:23:42","guid":{"rendered":"https:\/\/northius.com\/?p=7308"},"modified":"2023-08-31T09:23:42","modified_gmt":"2023-08-31T09:23:42","slug":"a-northius-reforca-o-seu-compromisso-com-a-investigacao-do-cancro-apoiando-a-corrida-das-mulheres","status":"publish","type":"post","link":"https:\/\/northius.com\/pt\/noticias\/a-northius-reforca-o-seu-compromisso-com-a-investigacao-do-cancro-apoiando-a-corrida-das-mulheres\/","title":{"rendered":"A Northius refor\u00e7a o seu compromisso com a investiga\u00e7\u00e3o do cancro apoiando a Corrida das Mulheres"},"content":{"rendered":"","protected":false},"excerpt":{"rendered":"","protected":false},"author":22,"featured_media":0,"comment_status":"open","ping_status":"open","sticky":false,"template":"","format":"standard","meta":{"_acf_changed":false,"inline_featured_image":false,"footnotes":""},"categories":[71],"tags":[],"class_list":["post-7308","post","type-post","status-publish","format-standard","hentry","category-clipping-pt"],"acf":[],"yoast_head":"<!-- This site is optimized with the Yoast SEO plugin v26.2 - https:\/\/yoast.com\/wordpress\/plugins\/seo\/ -->\n<title>A Northius refor\u00e7a o seu compromisso com a investiga\u00e7\u00e3o do cancro apoiando a Corrida das Mulheres - Northius<\/title>\n<meta name=\"description\" content=\"A Northius, grupo l\u00edder no sector da forma\u00e7\u00e3o em Espanha, junta-se \u00e0 Corrida da Mulher na Corunha, dando visibilidade ao seu compromisso com a investiga\u00e7\u00e3o do cancro e com h\u00e1bitos de vida saud\u00e1veis. Este ano, para al\u00e9m de apoiar a participa\u00e7\u00e3o de mais de uma centena de trabalhadoras sob o lema #Juntasporunfin, \u00e9 o patrocinador oficial da corrida.\" \/>\n<meta name=\"robots\" content=\"index, follow, max-snippet:-1, max-image-preview:large, max-video-preview:-1\" \/>\n<link rel=\"canonical\" href=\"https:\/\/northius.com\/pt\/noticias\/a-northius-reforca-o-seu-compromisso-com-a-investigacao-do-cancro-apoiando-a-corrida-das-mulheres\/\" \/>\n<meta property=\"og:locale\" content=\"pt_PT\" \/>\n<meta property=\"og:type\" content=\"article\" \/>\n<meta property=\"og:title\" content=\"A Northius refor\u00e7a o seu compromisso com a investiga\u00e7\u00e3o do cancro apoiando a Corrida das Mulheres - Northius\" \/>\n<meta property=\"og:description\" content=\"A Northius, grupo l\u00edder no sector da forma\u00e7\u00e3o em Espanha, junta-se \u00e0 Corrida da Mulher na Corunha, dando visibilidade ao seu compromisso com a investiga\u00e7\u00e3o do cancro e com h\u00e1bitos de vida saud\u00e1veis. Este ano, para al\u00e9m de apoiar a participa\u00e7\u00e3o de mais de uma centena de trabalhadoras sob o lema #Juntasporunfin, \u00e9 o patrocinador oficial da corrida.\" \/>\n<meta property=\"og:url\" content=\"https:\/\/northius.com\/pt\/noticias\/a-northius-reforca-o-seu-compromisso-com-a-investigacao-do-cancro-apoiando-a-corrida-das-mulheres\/\" \/>\n<meta property=\"og:site_name\" content=\"Northius\" \/>\n<meta property=\"article:published_time\" content=\"2023-08-31T09:23:42+00:00\" \/>\n<meta name=\"author\" content=\"Esperanza Mart\u00ednez\" \/>\n<meta name=\"twitter:card\" content=\"summary_large_image\" \/>\n<meta name=\"twitter:label1\" content=\"Written by\" \/>\n\t<meta name=\"twitter:data1\" content=\"Esperanza Mart\u00ednez\" \/>\n<script type=\"application\/ld+json\" class=\"yoast-schema-graph\">{\"@context\":\"https:\/\/schema.org\",\"@graph\":[{\"@type\":\"Article\",\"@id\":\"https:\/\/northius.com\/pt\/noticias\/a-northius-reforca-o-seu-compromisso-com-a-investigacao-do-cancro-apoiando-a-corrida-das-mulheres\/#article\",\"isPartOf\":{\"@id\":\"https:\/\/northius.com\/pt\/noticias\/a-northius-reforca-o-seu-compromisso-com-a-investigacao-do-cancro-apoiando-a-corrida-das-mulheres\/\"},\"author\":{\"name\":\"Esperanza Mart\u00ednez\",\"@id\":\"https:\/\/northius.com\/pt\/#\/schema\/person\/506aa9e030b19c2b6616ce44e13407b1\"},\"headline\":\"A Northius refor\u00e7a o seu compromisso com a investiga\u00e7\u00e3o do cancro apoiando a Corrida das Mulheres\",\"datePublished\":\"2023-08-31T09:23:42+00:00\",\"mainEntityOfPage\":{\"@id\":\"https:\/\/northius.com\/pt\/noticias\/a-northius-reforca-o-seu-compromisso-com-a-investigacao-do-cancro-apoiando-a-corrida-das-mulheres\/\"},\"wordCount\":18,\"commentCount\":0,\"publisher\":{\"@id\":\"https:\/\/northius.com\/pt\/#organization\"},\"articleSection\":[\"Clipping\"],\"inLanguage\":\"pt-P\",\"potentialAction\":[{\"@type\":\"CommentAction\",\"name\":\"Comment\",\"target\":[\"https:\/\/northius.com\/pt\/noticias\/a-northius-reforca-o-seu-compromisso-com-a-investigacao-do-cancro-apoiando-a-corrida-das-mulheres\/#respond\"]}]},{\"@type\":\"WebPage\",\"@id\":\"https:\/\/northius.com\/pt\/noticias\/a-northius-reforca-o-seu-compromisso-com-a-investigacao-do-cancro-apoiando-a-corrida-das-mulheres\/\",\"url\":\"https:\/\/northius.com\/pt\/noticias\/a-northius-reforca-o-seu-compromisso-com-a-investigacao-do-cancro-apoiando-a-corrida-das-mulheres\/\",\"name\":\"A Northius refor\u00e7a o seu compromisso com a investiga\u00e7\u00e3o do cancro apoiando a Corrida das Mulheres - Northius\",\"isPartOf\":{\"@id\":\"https:\/\/northius.com\/pt\/#website\"},\"datePublished\":\"2023-08-31T09:23:42+00:00\",\"description\":\"A Northius, grupo l\u00edder no sector da forma\u00e7\u00e3o em Espanha, junta-se \u00e0 Corrida da Mulher na Corunha, dando visibilidade ao seu compromisso com a investiga\u00e7\u00e3o do cancro e com h\u00e1bitos de vida saud\u00e1veis. Este ano, para al\u00e9m de apoiar a participa\u00e7\u00e3o de mais de uma centena de trabalhadoras sob o lema #Juntasporunfin, \u00e9 o patrocinador oficial da corrida.\",\"breadcrumb\":{\"@id\":\"https:\/\/northius.com\/pt\/noticias\/a-northius-reforca-o-seu-compromisso-com-a-investigacao-do-cancro-apoiando-a-corrida-das-mulheres\/#breadcrumb\"},\"inLanguage\":\"pt-P\",\"potentialAction\":[{\"@type\":\"ReadAction\",\"target\":[\"https:\/\/northius.com\/pt\/noticias\/a-northius-reforca-o-seu-compromisso-com-a-investigacao-do-cancro-apoiando-a-corrida-das-mulheres\/\"]}]},{\"@type\":\"BreadcrumbList\",\"@id\":\"https:\/\/northius.com\/pt\/noticias\/a-northius-reforca-o-seu-compromisso-com-a-investigacao-do-cancro-apoiando-a-corrida-das-mulheres\/#breadcrumb\",\"itemListElement\":[{\"@type\":\"ListItem\",\"position\":1,\"name\":\"Inicio\",\"item\":\"https:\/\/northius.com\/pt\/\"},{\"@type\":\"ListItem\",\"position\":2,\"name\":\"A Northius refor\u00e7a o seu compromisso com a investiga\u00e7\u00e3o do cancro apoiando a Corrida das Mulheres\"}]},{\"@type\":\"WebSite\",\"@id\":\"https:\/\/northius.com\/pt\/#website\",\"url\":\"https:\/\/northius.com\/pt\/\",\"name\":\"Northius\",\"description\":\"El grupo educativo de formaci\u00f3n especializada\",\"publisher\":{\"@id\":\"https:\/\/northius.com\/pt\/#organization\"},\"potentialAction\":[{\"@type\":\"SearchAction\",\"target\":{\"@type\":\"EntryPoint\",\"urlTemplate\":\"https:\/\/northius.com\/pt\/?s={search_term_string}\"},\"query-input\":{\"@type\":\"PropertyValueSpecification\",\"valueRequired\":true,\"valueName\":\"search_term_string\"}}],\"inLanguage\":\"pt-P\"},{\"@type\":\"Organization\",\"@id\":\"https:\/\/northius.com\/pt\/#organization\",\"name\":\"Northius\",\"url\":\"https:\/\/northius.com\/pt\/\",\"logo\":{\"@type\":\"ImageObject\",\"inLanguage\":\"pt-P\",\"@id\":\"https:\/\/northius.com\/pt\/#\/schema\/logo\/image\/\",\"url\":\"https:\/\/northius.com\/wp-content\/uploads\/2022\/05\/logo.svg\",\"contentUrl\":\"https:\/\/northius.com\/wp-content\/uploads\/2022\/05\/logo.svg\",\"width\":196,\"height\":36,\"caption\":\"Northius\"},\"image\":{\"@id\":\"https:\/\/northius.com\/pt\/#\/schema\/logo\/image\/\"}},{\"@type\":\"Person\",\"@id\":\"https:\/\/northius.com\/pt\/#\/schema\/person\/506aa9e030b19c2b6616ce44e13407b1\",\"name\":\"Esperanza Mart\u00ednez\",\"image\":{\"@type\":\"ImageObject\",\"inLanguage\":\"pt-P\",\"@id\":\"https:\/\/northius.com\/pt\/#\/schema\/person\/image\/\",\"url\":\"https:\/\/secure.gravatar.com\/avatar\/03bea785eec3da71c7c6919128179095de7ed1ac17277302956cef1c6d4cdf0d?s=96&d=mm&r=g\",\"contentUrl\":\"https:\/\/secure.gravatar.com\/avatar\/03bea785eec3da71c7c6919128179095de7ed1ac17277302956cef1c6d4cdf0d?s=96&d=mm&r=g\",\"caption\":\"Esperanza Mart\u00ednez\"}}]}<\/script>\n<!-- \/ Yoast SEO plugin. -->","yoast_head_json":{"title":"A Northius refor\u00e7a o seu compromisso com a investiga\u00e7\u00e3o do cancro apoiando a Corrida das Mulheres - Northius","description":"A Northius, grupo l\u00edder no sector da forma\u00e7\u00e3o em Espanha, junta-se \u00e0 Corrida da Mulher na Corunha, dando visibilidade ao seu compromisso com a investiga\u00e7\u00e3o do cancro e com h\u00e1bitos de vida saud\u00e1veis. Este ano, para al\u00e9m de apoiar a participa\u00e7\u00e3o de mais de uma centena de trabalhadoras sob o lema #Juntasporunfin, \u00e9 o patrocinador oficial da corrida.","robots":{"index":"index","follow":"follow","max-snippet":"max-snippet:-1","max-image-preview":"max-image-preview:large","max-video-preview":"max-video-preview:-1"},"canonical":"https:\/\/northius.com\/pt\/noticias\/a-northius-reforca-o-seu-compromisso-com-a-investigacao-do-cancro-apoiando-a-corrida-das-mulheres\/","og_locale":"pt_PT","og_type":"article","og_title":"A Northius refor\u00e7a o seu compromisso com a investiga\u00e7\u00e3o do cancro apoiando a Corrida das Mulheres - Northius","og_description":"A Northius, grupo l\u00edder no sector da forma\u00e7\u00e3o em Espanha, junta-se \u00e0 Corrida da Mulher na Corunha, dando visibilidade ao seu compromisso com a investiga\u00e7\u00e3o do cancro e com h\u00e1bitos de vida saud\u00e1veis. Este ano, para al\u00e9m de apoiar a participa\u00e7\u00e3o de mais de uma centena de trabalhadoras sob o lema #Juntasporunfin, \u00e9 o patrocinador oficial da corrida.","og_url":"https:\/\/northius.com\/pt\/noticias\/a-northius-reforca-o-seu-compromisso-com-a-investigacao-do-cancro-apoiando-a-corrida-das-mulheres\/","og_site_name":"Northius","article_published_time":"2023-08-31T09:23:42+00:00","author":"Esperanza Mart\u00ednez","twitter_card":"summary_large_image","twitter_misc":{"Written by":"Esperanza Mart\u00ednez"},"schema":{"@context":"https:\/\/schema.org","@graph":[{"@type":"Article","@id":"https:\/\/northius.com\/pt\/noticias\/a-northius-reforca-o-seu-compromisso-com-a-investigacao-do-cancro-apoiando-a-corrida-das-mulheres\/#article","isPartOf":{"@id":"https:\/\/northius.com\/pt\/noticias\/a-northius-reforca-o-seu-compromisso-com-a-investigacao-do-cancro-apoiando-a-corrida-das-mulheres\/"},"author":{"name":"Esperanza Mart\u00ednez","@id":"https:\/\/northius.com\/pt\/#\/schema\/person\/506aa9e030b19c2b6616ce44e13407b1"},"headline":"A Northius refor\u00e7a o seu compromisso com a investiga\u00e7\u00e3o do cancro apoiando a Corrida das Mulheres","datePublished":"2023-08-31T09:23:42+00:00","mainEntityOfPage":{"@id":"https:\/\/northius.com\/pt\/noticias\/a-northius-reforca-o-seu-compromisso-com-a-investigacao-do-cancro-apoiando-a-corrida-das-mulheres\/"},"wordCount":18,"commentCount":0,"publisher":{"@id":"https:\/\/northius.com\/pt\/#organization"},"articleSection":["Clipping"],"inLanguage":"pt-P","potentialAction":[{"@type":"CommentAction","name":"Comment","target":["https:\/\/northius.com\/pt\/noticias\/a-northius-reforca-o-seu-compromisso-com-a-investigacao-do-cancro-apoiando-a-corrida-das-mulheres\/#respond"]}]},{"@type":"WebPage","@id":"https:\/\/northius.com\/pt\/noticias\/a-northius-reforca-o-seu-compromisso-com-a-investigacao-do-cancro-apoiando-a-corrida-das-mulheres\/","url":"https:\/\/northius.com\/pt\/noticias\/a-northius-reforca-o-seu-compromisso-com-a-investigacao-do-cancro-apoiando-a-corrida-das-mulheres\/","name":"A Northius refor\u00e7a o seu compromisso com a investiga\u00e7\u00e3o do cancro apoiando a Corrida das Mulheres - Northius","isPartOf":{"@id":"https:\/\/northius.com\/pt\/#website"},"datePublished":"2023-08-31T09:23:42+00:00","description":"A Northius, grupo l\u00edder no sector da forma\u00e7\u00e3o em Espanha, junta-se \u00e0 Corrida da Mulher na Corunha, dando visibilidade ao seu compromisso com a investiga\u00e7\u00e3o do cancro e com h\u00e1bitos de vida saud\u00e1veis. Este ano, para al\u00e9m de apoiar a participa\u00e7\u00e3o de mais de uma centena de trabalhadoras sob o lema #Juntasporunfin, \u00e9 o patrocinador oficial da corrida.","breadcrumb":{"@id":"https:\/\/northius.com\/pt\/noticias\/a-northius-reforca-o-seu-compromisso-com-a-investigacao-do-cancro-apoiando-a-corrida-das-mulheres\/#breadcrumb"},"inLanguage":"pt-P","potentialAction":[{"@type":"ReadAction","target":["https:\/\/northius.com\/pt\/noticias\/a-northius-reforca-o-seu-compromisso-com-a-investigacao-do-cancro-apoiando-a-corrida-das-mulheres\/"]}]},{"@type":"BreadcrumbList","@id":"https:\/\/northius.com\/pt\/noticias\/a-northius-reforca-o-seu-compromisso-com-a-investigacao-do-cancro-apoiando-a-corrida-das-mulheres\/#breadcrumb","itemListElement":[{"@type":"ListItem","position":1,"name":"Inicio","item":"https:\/\/northius.com\/pt\/"},{"@type":"ListItem","position":2,"name":"A Northius refor\u00e7a o seu compromisso com a investiga\u00e7\u00e3o do cancro apoiando a Corrida das Mulheres"}]},{"@type":"WebSite","@id":"https:\/\/northius.com\/pt\/#website","url":"https:\/\/northius.com\/pt\/","name":"Northius","description":"El grupo educativo de formaci\u00f3n especializada","publisher":{"@id":"https:\/\/northius.com\/pt\/#organization"},"potentialAction":[{"@type":"SearchAction","target":{"@type":"EntryPoint","urlTemplate":"https:\/\/northius.com\/pt\/?s={search_term_string}"},"query-input":{"@type":"PropertyValueSpecification","valueRequired":true,"valueName":"search_term_string"}}],"inLanguage":"pt-P"},{"@type":"Organization","@id":"https:\/\/northius.com\/pt\/#organization","name":"Northius","url":"https:\/\/northius.com\/pt\/","logo":{"@type":"ImageObject","inLanguage":"pt-P","@id":"https:\/\/northius.com\/pt\/#\/schema\/logo\/image\/","url":"https:\/\/northius.com\/wp-content\/uploads\/2022\/05\/logo.svg","contentUrl":"https:\/\/northius.com\/wp-content\/uploads\/2022\/05\/logo.svg","width":196,"height":36,"caption":"Northius"},"image":{"@id":"https:\/\/northius.com\/pt\/#\/schema\/logo\/image\/"}},{"@type":"Person","@id":"https:\/\/northius.com\/pt\/#\/schema\/person\/506aa9e030b19c2b6616ce44e13407b1","name":"Esperanza Mart\u00ednez","image":{"@type":"ImageObject","inLanguage":"pt-P","@id":"https:\/\/northius.com\/pt\/#\/schema\/person\/image\/","url":"https:\/\/secure.gravatar.com\/avatar\/03bea785eec3da71c7c6919128179095de7ed1ac17277302956cef1c6d4cdf0d?s=96&d=mm&r=g","contentUrl":"https:\/\/secure.gravatar.com\/avatar\/03bea785eec3da71c7c6919128179095de7ed1ac17277302956cef1c6d4cdf0d?s=96&d=mm&r=g","caption":"Esperanza Mart\u00ednez"}}]}},"_links":{"self":[{"href":"https:\/\/northius.com\/pt\/wp-json\/wp\/v2\/posts\/7308","targetHints":{"allow":["GET"]}}],"collection":[{"href":"https:\/\/northius.com\/pt\/wp-json\/wp\/v2\/posts"}],"about":[{"href":"https:\/\/northius.com\/pt\/wp-json\/wp\/v2\/types\/post"}],"author":[{"embeddable":true,"href":"https:\/\/northius.com\/pt\/wp-json\/wp\/v2\/users\/22"}],"replies":[{"embeddable":true,"href":"https:\/\/northius.com\/pt\/wp-json\/wp\/v2\/comments?post=7308"}],"version-history":[{"count":1,"href":"https:\/\/northius.com\/pt\/wp-json\/wp\/v2\/posts\/7308\/revisions"}],"predecessor-version":[{"id":7312,"href":"https:\/\/northius.com\/pt\/wp-json\/wp\/v2\/posts\/7308\/revisions\/7312"}],"wp:attachment":[{"href":"https:\/\/northius.com\/pt\/wp-json\/wp\/v2\/media?parent=7308"}],"wp:term":[{"taxonomy":"category","embeddable":true,"href":"https:\/\/northius.com\/pt\/wp-json\/wp\/v2\/categories?post=7308"},{"taxonomy":"post_tag","embeddable":true,"href":"https:\/\/northius.com\/pt\/wp-json\/wp\/v2\/tags?post=7308"}],"curies":[{"name":"wp","href":"https:\/\/api.w.org\/{rel}","templated":true}]}}