{"id":7233,"date":"2023-08-29T08:59:25","date_gmt":"2023-08-29T08:59:25","guid":{"rendered":"https:\/\/northius.com\/a-northius-reforca-o-seu-compromisso-para-com-a-investigacao-com-o-patrocinio-da-corrida-da-mulher\/"},"modified":"2023-08-29T08:59:25","modified_gmt":"2023-08-29T08:59:25","slug":"a-northius-reforca-o-seu-compromisso-para-com-a-investigacao-com-o-patrocinio-da-corrida-da-mulher","status":"publish","type":"post","link":"https:\/\/northius.com\/pt\/noticias\/a-northius-reforca-o-seu-compromisso-para-com-a-investigacao-com-o-patrocinio-da-corrida-da-mulher\/","title":{"rendered":"A Northius refor\u00e7a o seu compromisso para com a investiga\u00e7\u00e3o com o patroc\u00ednio da Corrida da Mulher."},"content":{"rendered":"<ul>\n<li style=\"list-style-type: none;\">\n<ul>\n<li>O principal grupo de forma\u00e7\u00e3o espanhol demonstra o seu empenho em fomentar estilos de vida mais saud\u00e1veis e em apoiar a investiga\u00e7\u00e3o para lutar contra a doen\u00e7a<\/li>\n<li>A empresa, presente em 18 pa\u00edses, conta com uma equipa de 70% de mulheres.<\/li>\n<\/ul>\n<\/li>\n<\/ul>\n<p>&nbsp;<\/p>\n<p><img fetchpriority=\"high\" decoding=\"async\" class=\"wp-image-7202 aligncenter\" src=\"https:\/\/northius.com\/wp-content\/uploads\/2023\/08\/1-compressed-2.jpg\" alt=\"\" width=\"835\" height=\"470\"><\/p>\n<p>&nbsp;<\/p>\n<p><strong>A Coru\u00f1a, 29 de agosto de 2023<\/strong>.- Northius, grupo l\u00edder no sector da forma\u00e7\u00e3o em Espanha, associa-se \u00e0 Corrida da Mulher na Corunha, dando visibilidade ao seu <strong>compromisso com a investiga\u00e7\u00e3o contra o cancro<\/strong>e h\u00e1bitos de vida saud\u00e1veis. Este ano a empresa est\u00e1 a subsidiar a participa\u00e7\u00e3o de<strong>mais de uma centena de trabalhadoras<\/strong> e trabalhadores no evento de manifesta\u00e7\u00e3o sob o lema #Juntosporunfin. &#8220;Participar na Corrida da Mulher \u00e9 um evento muito importante para a nossa empresa, uma vez que esta iniciativa defende alguns dos valores mais relevantes que tamb\u00e9m fazem parte da nossa empresa: h\u00e1bitos saud\u00e1veis, igualdade de oportunidades e apoio \u00e0 diversidade, entre muitos outros&#8221;, afirma o Diretor de Sustentabilidade da Northius, H\u00e9ctor P\u00e9rez.<\/p>\n<p>O grupo j\u00e1 participou anteriormente na Corrida da Mulher em Barcelona e Madrid, incentivando a participa\u00e7\u00e3o das suas colaboradoras em ambas as cidades, e este \u00e9 o segundo ano consecutivo que se junta \u00e0 marcha na Corunha, que se realizar\u00e1 no dia <strong>24 de septiembre<\/strong>.<\/p>\n<p>Para al\u00e9m de apoiar a participa\u00e7\u00e3o das mulheres que desenvolvem as suas carreiras profissionais nos diferentes locais da cidade, a Northius volta a <strong>promover a iniciativa rosa como um dos seus patrocinadores<\/strong>.<\/p>\n<p>&#8220;Como parte ativa da cidade, uma vez que a nossa sede \u00e9 na Corunha e quase 50% do nosso pessoal trabalha aqui, n\u00e3o quer\u00edamos perder a oportunidade de apoiar um projeto com o qual partilhamos tantos valores. Al\u00e9m disso, consideramos fundamental contribuir diretamente para a investiga\u00e7\u00e3o na luta contra o cancro&#8221;, afirma P\u00e9rez.<\/p>\n<p>&nbsp;<\/p>\n<h2><strong>Mais forma\u00e7\u00e3o e recursos<\/strong><\/h2>\n<p>O cancro da mama afeta todos os anos 35 000 mulheres e homens em Espanha. Por este motivo, a Northius defende a necessidade de mais forma\u00e7\u00e3o e de mais recursos para a investiga\u00e7\u00e3o da doen\u00e7a. O objetivo \u00e9 conseguir melhores tratamentos que conduzam a uma melhor qualidade de vida e, em \u00faltima an\u00e1lise, encontrar uma cura para esta doen\u00e7a.<\/p>\n<p>&nbsp;<\/p>\n<h2><strong>Sobre a Northius<\/strong><\/h2>\n<p>A Northius, grupo de forma\u00e7\u00e3o l\u00edder em Espanha com mais de 1.000 colaboradores, integra institui\u00e7\u00f5es de forma\u00e7\u00e3o experientes com o mesmo objetivo: a forma\u00e7\u00e3o e a prepara\u00e7\u00e3o dos profissionais do futuro. Tem atualmente 65 000 utilizadores ativos e mais de 35 000 novas matr\u00edculas\/ano.<\/p>\n<p>O grupo possui mais de 40 centros de forma\u00e7\u00e3o em toda a Pen\u00ednsula Ib\u00e9rica. Tem tamb\u00e9m uma presen\u00e7a significativa noutros pa\u00edses europeus (B\u00e9lgica, Dinamarca, Inglaterra, Irlanda e Pa\u00edses Baixos) e na Am\u00e9rica Latina (Argentina, Col\u00f4mbia, Costa Rica, Chile, Equador, M\u00e9xico, Peru, Panam\u00e1, Uruguai, Rep\u00fablica Dominicana e Porto Rico).<\/p>\n<p>As marcas que fazem parte do grupo: CEAC, Unisport, Deusto Formaci\u00f3n, Deusto Salud, Campus Training, Centre for European Master&#8217;s Programme CEMP, MINT, Tokio New Technology School, 35mm, Nubika e Flou.<\/p>\n","protected":false},"excerpt":{"rendered":"<p>O principal grupo de forma\u00e7\u00e3o espanhol demonstra o seu empenho em fomentar estilos de vida mais saud\u00e1veis e em apoiar a investiga\u00e7\u00e3o para lutar contra a doen\u00e7a A empresa, presente em 18 pa\u00edses, conta com uma equipa de 70% de mulheres. &nbsp; &nbsp; A Coru\u00f1a, 29 de agosto de 2023.- Northius, grupo l\u00edder no sector [&hellip;]<\/p>\n","protected":false},"author":19,"featured_media":7195,"comment_status":"open","ping_status":"open","sticky":false,"template":"","format":"standard","meta":{"_acf_changed":false,"inline_featured_image":false,"footnotes":""},"categories":[70,64],"tags":[],"class_list":["post-7233","post","type-post","status-publish","format-standard","has-post-thumbnail","hentry","category-noticias-pt","category-sin-categorizar"],"acf":[],"yoast_head":"<!-- This site is optimized with the Yoast SEO plugin v26.2 - https:\/\/yoast.com\/wordpress\/plugins\/seo\/ -->\n<title>A Northius refor\u00e7a o seu compromisso para com a investiga\u00e7\u00e3o com o patroc\u00ednio da Corrida da Mulher. - Northius<\/title>\n<meta name=\"description\" content=\"Northius, grupo l\u00edder no setor da forma\u00e7\u00e3o em Espanha, junta-se \u00e0 Corrida da Mulher na Corunha, dando visibilidade ao seu compromisso.\" \/>\n<meta name=\"robots\" content=\"index, follow, max-snippet:-1, max-image-preview:large, max-video-preview:-1\" \/>\n<link rel=\"canonical\" href=\"https:\/\/northius.com\/pt\/noticias\/a-northius-reforca-o-seu-compromisso-para-com-a-investigacao-com-o-patrocinio-da-corrida-da-mulher\/\" \/>\n<meta property=\"og:locale\" content=\"pt_PT\" \/>\n<meta property=\"og:type\" content=\"article\" \/>\n<meta property=\"og:title\" content=\"A Northius refor\u00e7a o seu compromisso para com a investiga\u00e7\u00e3o com o patroc\u00ednio da Corrida da Mulher. - Northius\" \/>\n<meta property=\"og:description\" content=\"Northius, grupo l\u00edder no setor da forma\u00e7\u00e3o em Espanha, junta-se \u00e0 Corrida da Mulher na Corunha, dando visibilidade ao seu compromisso.\" \/>\n<meta property=\"og:url\" content=\"https:\/\/northius.com\/pt\/noticias\/a-northius-reforca-o-seu-compromisso-para-com-a-investigacao-com-o-patrocinio-da-corrida-da-mulher\/\" \/>\n<meta property=\"og:site_name\" content=\"Northius\" \/>\n<meta property=\"article:published_time\" content=\"2023-08-29T08:59:25+00:00\" \/>\n<meta property=\"og:image\" content=\"https:\/\/northius.com\/wp-content\/uploads\/2023\/08\/1-compressed.jpg\" \/>\n\t<meta property=\"og:image:width\" content=\"1920\" \/>\n\t<meta property=\"og:image:height\" content=\"1080\" \/>\n\t<meta property=\"og:image:type\" content=\"image\/jpeg\" \/>\n<meta name=\"author\" content=\"Sonia Dapena\" \/>\n<meta name=\"twitter:card\" content=\"summary_large_image\" \/>\n<meta name=\"twitter:label1\" content=\"Written by\" \/>\n\t<meta name=\"twitter:data1\" content=\"Sonia Dapena\" \/>\n\t<meta name=\"twitter:label2\" content=\"Est. reading time\" \/>\n\t<meta name=\"twitter:data2\" content=\"3 minutes\" \/>\n<script type=\"application\/ld+json\" class=\"yoast-schema-graph\">{\"@context\":\"https:\/\/schema.org\",\"@graph\":[{\"@type\":\"Article\",\"@id\":\"https:\/\/northius.com\/pt\/noticias\/a-northius-reforca-o-seu-compromisso-para-com-a-investigacao-com-o-patrocinio-da-corrida-da-mulher\/#article\",\"isPartOf\":{\"@id\":\"https:\/\/northius.com\/pt\/noticias\/a-northius-reforca-o-seu-compromisso-para-com-a-investigacao-com-o-patrocinio-da-corrida-da-mulher\/\"},\"author\":{\"name\":\"Sonia Dapena\",\"@id\":\"https:\/\/northius.com\/pt\/#\/schema\/person\/5c2fd11db44b59c0e86d021d58148e7d\"},\"headline\":\"A Northius refor\u00e7a o seu compromisso para com a investiga\u00e7\u00e3o com o patroc\u00ednio da Corrida da Mulher.\",\"datePublished\":\"2023-08-29T08:59:25+00:00\",\"mainEntityOfPage\":{\"@id\":\"https:\/\/northius.com\/pt\/noticias\/a-northius-reforca-o-seu-compromisso-para-com-a-investigacao-com-o-patrocinio-da-corrida-da-mulher\/\"},\"wordCount\":533,\"commentCount\":0,\"publisher\":{\"@id\":\"https:\/\/northius.com\/pt\/#organization\"},\"image\":{\"@id\":\"https:\/\/northius.com\/pt\/noticias\/a-northius-reforca-o-seu-compromisso-para-com-a-investigacao-com-o-patrocinio-da-corrida-da-mulher\/#primaryimage\"},\"thumbnailUrl\":\"https:\/\/northius.com\/wp-content\/uploads\/2023\/08\/1-compressed.jpg\",\"articleSection\":[\"Not\u00edcias\",\"Sin categorizar\"],\"inLanguage\":\"pt-P\",\"potentialAction\":[{\"@type\":\"CommentAction\",\"name\":\"Comment\",\"target\":[\"https:\/\/northius.com\/pt\/noticias\/a-northius-reforca-o-seu-compromisso-para-com-a-investigacao-com-o-patrocinio-da-corrida-da-mulher\/#respond\"]}]},{\"@type\":\"WebPage\",\"@id\":\"https:\/\/northius.com\/pt\/noticias\/a-northius-reforca-o-seu-compromisso-para-com-a-investigacao-com-o-patrocinio-da-corrida-da-mulher\/\",\"url\":\"https:\/\/northius.com\/pt\/noticias\/a-northius-reforca-o-seu-compromisso-para-com-a-investigacao-com-o-patrocinio-da-corrida-da-mulher\/\",\"name\":\"A Northius refor\u00e7a o seu compromisso para com a investiga\u00e7\u00e3o com o patroc\u00ednio da Corrida da Mulher. - Northius\",\"isPartOf\":{\"@id\":\"https:\/\/northius.com\/pt\/#website\"},\"primaryImageOfPage\":{\"@id\":\"https:\/\/northius.com\/pt\/noticias\/a-northius-reforca-o-seu-compromisso-para-com-a-investigacao-com-o-patrocinio-da-corrida-da-mulher\/#primaryimage\"},\"image\":{\"@id\":\"https:\/\/northius.com\/pt\/noticias\/a-northius-reforca-o-seu-compromisso-para-com-a-investigacao-com-o-patrocinio-da-corrida-da-mulher\/#primaryimage\"},\"thumbnailUrl\":\"https:\/\/northius.com\/wp-content\/uploads\/2023\/08\/1-compressed.jpg\",\"datePublished\":\"2023-08-29T08:59:25+00:00\",\"description\":\"Northius, grupo l\u00edder no setor da forma\u00e7\u00e3o em Espanha, junta-se \u00e0 Corrida da Mulher na Corunha, dando visibilidade ao seu compromisso.\",\"breadcrumb\":{\"@id\":\"https:\/\/northius.com\/pt\/noticias\/a-northius-reforca-o-seu-compromisso-para-com-a-investigacao-com-o-patrocinio-da-corrida-da-mulher\/#breadcrumb\"},\"inLanguage\":\"pt-P\",\"potentialAction\":[{\"@type\":\"ReadAction\",\"target\":[\"https:\/\/northius.com\/pt\/noticias\/a-northius-reforca-o-seu-compromisso-para-com-a-investigacao-com-o-patrocinio-da-corrida-da-mulher\/\"]}]},{\"@type\":\"ImageObject\",\"inLanguage\":\"pt-P\",\"@id\":\"https:\/\/northius.com\/pt\/noticias\/a-northius-reforca-o-seu-compromisso-para-com-a-investigacao-com-o-patrocinio-da-corrida-da-mulher\/#primaryimage\",\"url\":\"https:\/\/northius.com\/wp-content\/uploads\/2023\/08\/1-compressed.jpg\",\"contentUrl\":\"https:\/\/northius.com\/wp-content\/uploads\/2023\/08\/1-compressed.jpg\",\"width\":1920,\"height\":1080},{\"@type\":\"BreadcrumbList\",\"@id\":\"https:\/\/northius.com\/pt\/noticias\/a-northius-reforca-o-seu-compromisso-para-com-a-investigacao-com-o-patrocinio-da-corrida-da-mulher\/#breadcrumb\",\"itemListElement\":[{\"@type\":\"ListItem\",\"position\":1,\"name\":\"Inicio\",\"item\":\"https:\/\/northius.com\/pt\/\"},{\"@type\":\"ListItem\",\"position\":2,\"name\":\"A Northius refor\u00e7a o seu compromisso para com a investiga\u00e7\u00e3o com o patroc\u00ednio da Corrida da Mulher.\"}]},{\"@type\":\"WebSite\",\"@id\":\"https:\/\/northius.com\/pt\/#website\",\"url\":\"https:\/\/northius.com\/pt\/\",\"name\":\"Northius\",\"description\":\"El grupo educativo de formaci\u00f3n especializada\",\"publisher\":{\"@id\":\"https:\/\/northius.com\/pt\/#organization\"},\"potentialAction\":[{\"@type\":\"SearchAction\",\"target\":{\"@type\":\"EntryPoint\",\"urlTemplate\":\"https:\/\/northius.com\/pt\/?s={search_term_string}\"},\"query-input\":{\"@type\":\"PropertyValueSpecification\",\"valueRequired\":true,\"valueName\":\"search_term_string\"}}],\"inLanguage\":\"pt-P\"},{\"@type\":\"Organization\",\"@id\":\"https:\/\/northius.com\/pt\/#organization\",\"name\":\"Northius\",\"url\":\"https:\/\/northius.com\/pt\/\",\"logo\":{\"@type\":\"ImageObject\",\"inLanguage\":\"pt-P\",\"@id\":\"https:\/\/northius.com\/pt\/#\/schema\/logo\/image\/\",\"url\":\"https:\/\/northius.com\/wp-content\/uploads\/2022\/05\/logo.svg\",\"contentUrl\":\"https:\/\/northius.com\/wp-content\/uploads\/2022\/05\/logo.svg\",\"width\":196,\"height\":36,\"caption\":\"Northius\"},\"image\":{\"@id\":\"https:\/\/northius.com\/pt\/#\/schema\/logo\/image\/\"}},{\"@type\":\"Person\",\"@id\":\"https:\/\/northius.com\/pt\/#\/schema\/person\/5c2fd11db44b59c0e86d021d58148e7d\",\"name\":\"Sonia Dapena\",\"image\":{\"@type\":\"ImageObject\",\"inLanguage\":\"pt-P\",\"@id\":\"https:\/\/northius.com\/pt\/#\/schema\/person\/image\/\",\"url\":\"https:\/\/secure.gravatar.com\/avatar\/87f2d7e606e37c05cbc93d9e5b1647702916c007037c7a1cec8bc26fadef6391?s=96&d=mm&r=g\",\"contentUrl\":\"https:\/\/secure.gravatar.com\/avatar\/87f2d7e606e37c05cbc93d9e5b1647702916c007037c7a1cec8bc26fadef6391?s=96&d=mm&r=g\",\"caption\":\"Sonia Dapena\"}}]}<\/script>\n<!-- \/ Yoast SEO plugin. -->","yoast_head_json":{"title":"A Northius refor\u00e7a o seu compromisso para com a investiga\u00e7\u00e3o com o patroc\u00ednio da Corrida da Mulher. - Northius","description":"Northius, grupo l\u00edder no setor da forma\u00e7\u00e3o em Espanha, junta-se \u00e0 Corrida da Mulher na Corunha, dando visibilidade ao seu compromisso.","robots":{"index":"index","follow":"follow","max-snippet":"max-snippet:-1","max-image-preview":"max-image-preview:large","max-video-preview":"max-video-preview:-1"},"canonical":"https:\/\/northius.com\/pt\/noticias\/a-northius-reforca-o-seu-compromisso-para-com-a-investigacao-com-o-patrocinio-da-corrida-da-mulher\/","og_locale":"pt_PT","og_type":"article","og_title":"A Northius refor\u00e7a o seu compromisso para com a investiga\u00e7\u00e3o com o patroc\u00ednio da Corrida da Mulher. - Northius","og_description":"Northius, grupo l\u00edder no setor da forma\u00e7\u00e3o em Espanha, junta-se \u00e0 Corrida da Mulher na Corunha, dando visibilidade ao seu compromisso.","og_url":"https:\/\/northius.com\/pt\/noticias\/a-northius-reforca-o-seu-compromisso-para-com-a-investigacao-com-o-patrocinio-da-corrida-da-mulher\/","og_site_name":"Northius","article_published_time":"2023-08-29T08:59:25+00:00","og_image":[{"width":1920,"height":1080,"url":"https:\/\/northius.com\/wp-content\/uploads\/2023\/08\/1-compressed.jpg","type":"image\/jpeg"}],"author":"Sonia Dapena","twitter_card":"summary_large_image","twitter_misc":{"Written by":"Sonia Dapena","Est. reading time":"3 minutes"},"schema":{"@context":"https:\/\/schema.org","@graph":[{"@type":"Article","@id":"https:\/\/northius.com\/pt\/noticias\/a-northius-reforca-o-seu-compromisso-para-com-a-investigacao-com-o-patrocinio-da-corrida-da-mulher\/#article","isPartOf":{"@id":"https:\/\/northius.com\/pt\/noticias\/a-northius-reforca-o-seu-compromisso-para-com-a-investigacao-com-o-patrocinio-da-corrida-da-mulher\/"},"author":{"name":"Sonia Dapena","@id":"https:\/\/northius.com\/pt\/#\/schema\/person\/5c2fd11db44b59c0e86d021d58148e7d"},"headline":"A Northius refor\u00e7a o seu compromisso para com a investiga\u00e7\u00e3o com o patroc\u00ednio da Corrida da Mulher.","datePublished":"2023-08-29T08:59:25+00:00","mainEntityOfPage":{"@id":"https:\/\/northius.com\/pt\/noticias\/a-northius-reforca-o-seu-compromisso-para-com-a-investigacao-com-o-patrocinio-da-corrida-da-mulher\/"},"wordCount":533,"commentCount":0,"publisher":{"@id":"https:\/\/northius.com\/pt\/#organization"},"image":{"@id":"https:\/\/northius.com\/pt\/noticias\/a-northius-reforca-o-seu-compromisso-para-com-a-investigacao-com-o-patrocinio-da-corrida-da-mulher\/#primaryimage"},"thumbnailUrl":"https:\/\/northius.com\/wp-content\/uploads\/2023\/08\/1-compressed.jpg","articleSection":["Not\u00edcias","Sin categorizar"],"inLanguage":"pt-P","potentialAction":[{"@type":"CommentAction","name":"Comment","target":["https:\/\/northius.com\/pt\/noticias\/a-northius-reforca-o-seu-compromisso-para-com-a-investigacao-com-o-patrocinio-da-corrida-da-mulher\/#respond"]}]},{"@type":"WebPage","@id":"https:\/\/northius.com\/pt\/noticias\/a-northius-reforca-o-seu-compromisso-para-com-a-investigacao-com-o-patrocinio-da-corrida-da-mulher\/","url":"https:\/\/northius.com\/pt\/noticias\/a-northius-reforca-o-seu-compromisso-para-com-a-investigacao-com-o-patrocinio-da-corrida-da-mulher\/","name":"A Northius refor\u00e7a o seu compromisso para com a investiga\u00e7\u00e3o com o patroc\u00ednio da Corrida da Mulher. - Northius","isPartOf":{"@id":"https:\/\/northius.com\/pt\/#website"},"primaryImageOfPage":{"@id":"https:\/\/northius.com\/pt\/noticias\/a-northius-reforca-o-seu-compromisso-para-com-a-investigacao-com-o-patrocinio-da-corrida-da-mulher\/#primaryimage"},"image":{"@id":"https:\/\/northius.com\/pt\/noticias\/a-northius-reforca-o-seu-compromisso-para-com-a-investigacao-com-o-patrocinio-da-corrida-da-mulher\/#primaryimage"},"thumbnailUrl":"https:\/\/northius.com\/wp-content\/uploads\/2023\/08\/1-compressed.jpg","datePublished":"2023-08-29T08:59:25+00:00","description":"Northius, grupo l\u00edder no setor da forma\u00e7\u00e3o em Espanha, junta-se \u00e0 Corrida da Mulher na Corunha, dando visibilidade ao seu compromisso.","breadcrumb":{"@id":"https:\/\/northius.com\/pt\/noticias\/a-northius-reforca-o-seu-compromisso-para-com-a-investigacao-com-o-patrocinio-da-corrida-da-mulher\/#breadcrumb"},"inLanguage":"pt-P","potentialAction":[{"@type":"ReadAction","target":["https:\/\/northius.com\/pt\/noticias\/a-northius-reforca-o-seu-compromisso-para-com-a-investigacao-com-o-patrocinio-da-corrida-da-mulher\/"]}]},{"@type":"ImageObject","inLanguage":"pt-P","@id":"https:\/\/northius.com\/pt\/noticias\/a-northius-reforca-o-seu-compromisso-para-com-a-investigacao-com-o-patrocinio-da-corrida-da-mulher\/#primaryimage","url":"https:\/\/northius.com\/wp-content\/uploads\/2023\/08\/1-compressed.jpg","contentUrl":"https:\/\/northius.com\/wp-content\/uploads\/2023\/08\/1-compressed.jpg","width":1920,"height":1080},{"@type":"BreadcrumbList","@id":"https:\/\/northius.com\/pt\/noticias\/a-northius-reforca-o-seu-compromisso-para-com-a-investigacao-com-o-patrocinio-da-corrida-da-mulher\/#breadcrumb","itemListElement":[{"@type":"ListItem","position":1,"name":"Inicio","item":"https:\/\/northius.com\/pt\/"},{"@type":"ListItem","position":2,"name":"A Northius refor\u00e7a o seu compromisso para com a investiga\u00e7\u00e3o com o patroc\u00ednio da Corrida da Mulher."}]},{"@type":"WebSite","@id":"https:\/\/northius.com\/pt\/#website","url":"https:\/\/northius.com\/pt\/","name":"Northius","description":"El grupo educativo de formaci\u00f3n especializada","publisher":{"@id":"https:\/\/northius.com\/pt\/#organization"},"potentialAction":[{"@type":"SearchAction","target":{"@type":"EntryPoint","urlTemplate":"https:\/\/northius.com\/pt\/?s={search_term_string}"},"query-input":{"@type":"PropertyValueSpecification","valueRequired":true,"valueName":"search_term_string"}}],"inLanguage":"pt-P"},{"@type":"Organization","@id":"https:\/\/northius.com\/pt\/#organization","name":"Northius","url":"https:\/\/northius.com\/pt\/","logo":{"@type":"ImageObject","inLanguage":"pt-P","@id":"https:\/\/northius.com\/pt\/#\/schema\/logo\/image\/","url":"https:\/\/northius.com\/wp-content\/uploads\/2022\/05\/logo.svg","contentUrl":"https:\/\/northius.com\/wp-content\/uploads\/2022\/05\/logo.svg","width":196,"height":36,"caption":"Northius"},"image":{"@id":"https:\/\/northius.com\/pt\/#\/schema\/logo\/image\/"}},{"@type":"Person","@id":"https:\/\/northius.com\/pt\/#\/schema\/person\/5c2fd11db44b59c0e86d021d58148e7d","name":"Sonia Dapena","image":{"@type":"ImageObject","inLanguage":"pt-P","@id":"https:\/\/northius.com\/pt\/#\/schema\/person\/image\/","url":"https:\/\/secure.gravatar.com\/avatar\/87f2d7e606e37c05cbc93d9e5b1647702916c007037c7a1cec8bc26fadef6391?s=96&d=mm&r=g","contentUrl":"https:\/\/secure.gravatar.com\/avatar\/87f2d7e606e37c05cbc93d9e5b1647702916c007037c7a1cec8bc26fadef6391?s=96&d=mm&r=g","caption":"Sonia Dapena"}}]}},"_links":{"self":[{"href":"https:\/\/northius.com\/pt\/wp-json\/wp\/v2\/posts\/7233","targetHints":{"allow":["GET"]}}],"collection":[{"href":"https:\/\/northius.com\/pt\/wp-json\/wp\/v2\/posts"}],"about":[{"href":"https:\/\/northius.com\/pt\/wp-json\/wp\/v2\/types\/post"}],"author":[{"embeddable":true,"href":"https:\/\/northius.com\/pt\/wp-json\/wp\/v2\/users\/19"}],"replies":[{"embeddable":true,"href":"https:\/\/northius.com\/pt\/wp-json\/wp\/v2\/comments?post=7233"}],"version-history":[{"count":0,"href":"https:\/\/northius.com\/pt\/wp-json\/wp\/v2\/posts\/7233\/revisions"}],"wp:featuredmedia":[{"embeddable":true,"href":"https:\/\/northius.com\/pt\/wp-json\/wp\/v2\/media\/7195"}],"wp:attachment":[{"href":"https:\/\/northius.com\/pt\/wp-json\/wp\/v2\/media?parent=7233"}],"wp:term":[{"taxonomy":"category","embeddable":true,"href":"https:\/\/northius.com\/pt\/wp-json\/wp\/v2\/categories?post=7233"},{"taxonomy":"post_tag","embeddable":true,"href":"https:\/\/northius.com\/pt\/wp-json\/wp\/v2\/tags?post=7233"}],"curies":[{"name":"wp","href":"https:\/\/api.w.org\/{rel}","templated":true}]}}