{"id":6905,"date":"2022-12-12T10:14:09","date_gmt":"2022-12-12T10:14:09","guid":{"rendered":"https:\/\/northius.com\/o-grupo-galego-northius-abre-uma-nova-sede-na-zona-de-orzan-na-corunha\/"},"modified":"2023-06-30T09:33:34","modified_gmt":"2023-06-30T09:33:34","slug":"o-grupo-galego-northius-abre-uma-nova-sede-na-zona-de-orzan-na-corunha","status":"publish","type":"post","link":"https:\/\/northius.com\/pt\/noticias\/o-grupo-galego-northius-abre-uma-nova-sede-na-zona-de-orzan-na-corunha\/","title":{"rendered":"O grupo galego Northius abre uma nova sede na zona de Orz\u00e1n, na Corunha"},"content":{"rendered":"","protected":false},"excerpt":{"rendered":"<p>Las oficinas, ubicadas en la calle Comandante Fontanes, son la sede central de la compa\u00f1\u00eda, donde trabajan casi 600 personas de las 1.000 que conforman los equipos del grupo especializado en educaci\u00f3n.<\/p>\n","protected":false},"author":5,"featured_media":0,"comment_status":"open","ping_status":"open","sticky":false,"template":"","format":"standard","meta":{"_acf_changed":false,"inline_featured_image":false,"footnotes":""},"categories":[71],"tags":[],"class_list":["post-6905","post","type-post","status-publish","format-standard","hentry","category-clipping-pt"],"acf":[],"yoast_head":"<!-- This site is optimized with the Yoast SEO plugin v26.2 - https:\/\/yoast.com\/wordpress\/plugins\/seo\/ -->\n<title>O grupo galego Northius abre uma nova sede na zona de Orz\u00e1n, na Corunha - Northius<\/title>\n<meta name=\"robots\" content=\"index, follow, max-snippet:-1, max-image-preview:large, max-video-preview:-1\" \/>\n<link rel=\"canonical\" href=\"https:\/\/northius.com\/pt\/noticias\/o-grupo-galego-northius-abre-uma-nova-sede-na-zona-de-orzan-na-corunha\/\" \/>\n<meta property=\"og:locale\" content=\"pt_PT\" \/>\n<meta property=\"og:type\" content=\"article\" \/>\n<meta property=\"og:title\" content=\"O grupo galego Northius abre uma nova sede na zona de Orz\u00e1n, na Corunha - Northius\" \/>\n<meta property=\"og:description\" content=\"Las oficinas, ubicadas en la calle Comandante Fontanes, son la sede central de la compa\u00f1\u00eda, donde trabajan casi 600 personas de las 1.000 que conforman los equipos del grupo especializado en educaci\u00f3n.\" \/>\n<meta property=\"og:url\" content=\"https:\/\/northius.com\/pt\/noticias\/o-grupo-galego-northius-abre-uma-nova-sede-na-zona-de-orzan-na-corunha\/\" \/>\n<meta property=\"og:site_name\" content=\"Northius\" \/>\n<meta property=\"article:published_time\" content=\"2022-12-12T10:14:09+00:00\" \/>\n<meta property=\"article:modified_time\" content=\"2023-06-30T09:33:34+00:00\" \/>\n<meta name=\"author\" content=\"esgalla esgalla\" \/>\n<meta name=\"twitter:card\" content=\"summary_large_image\" \/>\n<meta name=\"twitter:label1\" content=\"Written by\" \/>\n\t<meta name=\"twitter:data1\" content=\"esgalla esgalla\" \/>\n<script type=\"application\/ld+json\" class=\"yoast-schema-graph\">{\"@context\":\"https:\/\/schema.org\",\"@graph\":[{\"@type\":\"Article\",\"@id\":\"https:\/\/northius.com\/pt\/noticias\/o-grupo-galego-northius-abre-uma-nova-sede-na-zona-de-orzan-na-corunha\/#article\",\"isPartOf\":{\"@id\":\"https:\/\/northius.com\/pt\/noticias\/o-grupo-galego-northius-abre-uma-nova-sede-na-zona-de-orzan-na-corunha\/\"},\"author\":{\"name\":\"esgalla esgalla\",\"@id\":\"https:\/\/northius.com\/pt\/#\/schema\/person\/1e51e8d6584f535c6388b3ea146afdfb\"},\"headline\":\"O grupo galego Northius abre uma nova sede na zona de Orz\u00e1n, na Corunha\",\"datePublished\":\"2022-12-12T10:14:09+00:00\",\"dateModified\":\"2023-06-30T09:33:34+00:00\",\"mainEntityOfPage\":{\"@id\":\"https:\/\/northius.com\/pt\/noticias\/o-grupo-galego-northius-abre-uma-nova-sede-na-zona-de-orzan-na-corunha\/\"},\"wordCount\":15,\"commentCount\":0,\"publisher\":{\"@id\":\"https:\/\/northius.com\/pt\/#organization\"},\"articleSection\":[\"Clipping\"],\"inLanguage\":\"pt-P\",\"potentialAction\":[{\"@type\":\"CommentAction\",\"name\":\"Comment\",\"target\":[\"https:\/\/northius.com\/pt\/noticias\/o-grupo-galego-northius-abre-uma-nova-sede-na-zona-de-orzan-na-corunha\/#respond\"]}]},{\"@type\":\"WebPage\",\"@id\":\"https:\/\/northius.com\/pt\/noticias\/o-grupo-galego-northius-abre-uma-nova-sede-na-zona-de-orzan-na-corunha\/\",\"url\":\"https:\/\/northius.com\/pt\/noticias\/o-grupo-galego-northius-abre-uma-nova-sede-na-zona-de-orzan-na-corunha\/\",\"name\":\"O grupo galego Northius abre uma nova sede na zona de Orz\u00e1n, na Corunha - Northius\",\"isPartOf\":{\"@id\":\"https:\/\/northius.com\/pt\/#website\"},\"datePublished\":\"2022-12-12T10:14:09+00:00\",\"dateModified\":\"2023-06-30T09:33:34+00:00\",\"breadcrumb\":{\"@id\":\"https:\/\/northius.com\/pt\/noticias\/o-grupo-galego-northius-abre-uma-nova-sede-na-zona-de-orzan-na-corunha\/#breadcrumb\"},\"inLanguage\":\"pt-P\",\"potentialAction\":[{\"@type\":\"ReadAction\",\"target\":[\"https:\/\/northius.com\/pt\/noticias\/o-grupo-galego-northius-abre-uma-nova-sede-na-zona-de-orzan-na-corunha\/\"]}]},{\"@type\":\"BreadcrumbList\",\"@id\":\"https:\/\/northius.com\/pt\/noticias\/o-grupo-galego-northius-abre-uma-nova-sede-na-zona-de-orzan-na-corunha\/#breadcrumb\",\"itemListElement\":[{\"@type\":\"ListItem\",\"position\":1,\"name\":\"Inicio\",\"item\":\"https:\/\/northius.com\/pt\/\"},{\"@type\":\"ListItem\",\"position\":2,\"name\":\"O grupo galego Northius abre uma nova sede na zona de Orz\u00e1n, na Corunha\"}]},{\"@type\":\"WebSite\",\"@id\":\"https:\/\/northius.com\/pt\/#website\",\"url\":\"https:\/\/northius.com\/pt\/\",\"name\":\"Northius\",\"description\":\"El grupo educativo de formaci\u00f3n especializada\",\"publisher\":{\"@id\":\"https:\/\/northius.com\/pt\/#organization\"},\"potentialAction\":[{\"@type\":\"SearchAction\",\"target\":{\"@type\":\"EntryPoint\",\"urlTemplate\":\"https:\/\/northius.com\/pt\/?s={search_term_string}\"},\"query-input\":{\"@type\":\"PropertyValueSpecification\",\"valueRequired\":true,\"valueName\":\"search_term_string\"}}],\"inLanguage\":\"pt-P\"},{\"@type\":\"Organization\",\"@id\":\"https:\/\/northius.com\/pt\/#organization\",\"name\":\"Northius\",\"url\":\"https:\/\/northius.com\/pt\/\",\"logo\":{\"@type\":\"ImageObject\",\"inLanguage\":\"pt-P\",\"@id\":\"https:\/\/northius.com\/pt\/#\/schema\/logo\/image\/\",\"url\":\"https:\/\/northius.com\/wp-content\/uploads\/2022\/05\/logo.svg\",\"contentUrl\":\"https:\/\/northius.com\/wp-content\/uploads\/2022\/05\/logo.svg\",\"width\":196,\"height\":36,\"caption\":\"Northius\"},\"image\":{\"@id\":\"https:\/\/northius.com\/pt\/#\/schema\/logo\/image\/\"}},{\"@type\":\"Person\",\"@id\":\"https:\/\/northius.com\/pt\/#\/schema\/person\/1e51e8d6584f535c6388b3ea146afdfb\",\"name\":\"esgalla esgalla\",\"image\":{\"@type\":\"ImageObject\",\"inLanguage\":\"pt-P\",\"@id\":\"https:\/\/northius.com\/pt\/#\/schema\/person\/image\/\",\"url\":\"https:\/\/secure.gravatar.com\/avatar\/16a1fd4ef08b5da8cee27aa9c2916409bd90faa3576b0302ee722f539fbc46cd?s=96&d=mm&r=g\",\"contentUrl\":\"https:\/\/secure.gravatar.com\/avatar\/16a1fd4ef08b5da8cee27aa9c2916409bd90faa3576b0302ee722f539fbc46cd?s=96&d=mm&r=g\",\"caption\":\"esgalla esgalla\"}}]}<\/script>\n<!-- \/ Yoast SEO plugin. -->","yoast_head_json":{"title":"O grupo galego Northius abre uma nova sede na zona de Orz\u00e1n, na Corunha - Northius","robots":{"index":"index","follow":"follow","max-snippet":"max-snippet:-1","max-image-preview":"max-image-preview:large","max-video-preview":"max-video-preview:-1"},"canonical":"https:\/\/northius.com\/pt\/noticias\/o-grupo-galego-northius-abre-uma-nova-sede-na-zona-de-orzan-na-corunha\/","og_locale":"pt_PT","og_type":"article","og_title":"O grupo galego Northius abre uma nova sede na zona de Orz\u00e1n, na Corunha - Northius","og_description":"Las oficinas, ubicadas en la calle Comandante Fontanes, son la sede central de la compa\u00f1\u00eda, donde trabajan casi 600 personas de las 1.000 que conforman los equipos del grupo especializado en educaci\u00f3n.","og_url":"https:\/\/northius.com\/pt\/noticias\/o-grupo-galego-northius-abre-uma-nova-sede-na-zona-de-orzan-na-corunha\/","og_site_name":"Northius","article_published_time":"2022-12-12T10:14:09+00:00","article_modified_time":"2023-06-30T09:33:34+00:00","author":"esgalla esgalla","twitter_card":"summary_large_image","twitter_misc":{"Written by":"esgalla esgalla"},"schema":{"@context":"https:\/\/schema.org","@graph":[{"@type":"Article","@id":"https:\/\/northius.com\/pt\/noticias\/o-grupo-galego-northius-abre-uma-nova-sede-na-zona-de-orzan-na-corunha\/#article","isPartOf":{"@id":"https:\/\/northius.com\/pt\/noticias\/o-grupo-galego-northius-abre-uma-nova-sede-na-zona-de-orzan-na-corunha\/"},"author":{"name":"esgalla esgalla","@id":"https:\/\/northius.com\/pt\/#\/schema\/person\/1e51e8d6584f535c6388b3ea146afdfb"},"headline":"O grupo galego Northius abre uma nova sede na zona de Orz\u00e1n, na Corunha","datePublished":"2022-12-12T10:14:09+00:00","dateModified":"2023-06-30T09:33:34+00:00","mainEntityOfPage":{"@id":"https:\/\/northius.com\/pt\/noticias\/o-grupo-galego-northius-abre-uma-nova-sede-na-zona-de-orzan-na-corunha\/"},"wordCount":15,"commentCount":0,"publisher":{"@id":"https:\/\/northius.com\/pt\/#organization"},"articleSection":["Clipping"],"inLanguage":"pt-P","potentialAction":[{"@type":"CommentAction","name":"Comment","target":["https:\/\/northius.com\/pt\/noticias\/o-grupo-galego-northius-abre-uma-nova-sede-na-zona-de-orzan-na-corunha\/#respond"]}]},{"@type":"WebPage","@id":"https:\/\/northius.com\/pt\/noticias\/o-grupo-galego-northius-abre-uma-nova-sede-na-zona-de-orzan-na-corunha\/","url":"https:\/\/northius.com\/pt\/noticias\/o-grupo-galego-northius-abre-uma-nova-sede-na-zona-de-orzan-na-corunha\/","name":"O grupo galego Northius abre uma nova sede na zona de Orz\u00e1n, na Corunha - Northius","isPartOf":{"@id":"https:\/\/northius.com\/pt\/#website"},"datePublished":"2022-12-12T10:14:09+00:00","dateModified":"2023-06-30T09:33:34+00:00","breadcrumb":{"@id":"https:\/\/northius.com\/pt\/noticias\/o-grupo-galego-northius-abre-uma-nova-sede-na-zona-de-orzan-na-corunha\/#breadcrumb"},"inLanguage":"pt-P","potentialAction":[{"@type":"ReadAction","target":["https:\/\/northius.com\/pt\/noticias\/o-grupo-galego-northius-abre-uma-nova-sede-na-zona-de-orzan-na-corunha\/"]}]},{"@type":"BreadcrumbList","@id":"https:\/\/northius.com\/pt\/noticias\/o-grupo-galego-northius-abre-uma-nova-sede-na-zona-de-orzan-na-corunha\/#breadcrumb","itemListElement":[{"@type":"ListItem","position":1,"name":"Inicio","item":"https:\/\/northius.com\/pt\/"},{"@type":"ListItem","position":2,"name":"O grupo galego Northius abre uma nova sede na zona de Orz\u00e1n, na Corunha"}]},{"@type":"WebSite","@id":"https:\/\/northius.com\/pt\/#website","url":"https:\/\/northius.com\/pt\/","name":"Northius","description":"El grupo educativo de formaci\u00f3n especializada","publisher":{"@id":"https:\/\/northius.com\/pt\/#organization"},"potentialAction":[{"@type":"SearchAction","target":{"@type":"EntryPoint","urlTemplate":"https:\/\/northius.com\/pt\/?s={search_term_string}"},"query-input":{"@type":"PropertyValueSpecification","valueRequired":true,"valueName":"search_term_string"}}],"inLanguage":"pt-P"},{"@type":"Organization","@id":"https:\/\/northius.com\/pt\/#organization","name":"Northius","url":"https:\/\/northius.com\/pt\/","logo":{"@type":"ImageObject","inLanguage":"pt-P","@id":"https:\/\/northius.com\/pt\/#\/schema\/logo\/image\/","url":"https:\/\/northius.com\/wp-content\/uploads\/2022\/05\/logo.svg","contentUrl":"https:\/\/northius.com\/wp-content\/uploads\/2022\/05\/logo.svg","width":196,"height":36,"caption":"Northius"},"image":{"@id":"https:\/\/northius.com\/pt\/#\/schema\/logo\/image\/"}},{"@type":"Person","@id":"https:\/\/northius.com\/pt\/#\/schema\/person\/1e51e8d6584f535c6388b3ea146afdfb","name":"esgalla esgalla","image":{"@type":"ImageObject","inLanguage":"pt-P","@id":"https:\/\/northius.com\/pt\/#\/schema\/person\/image\/","url":"https:\/\/secure.gravatar.com\/avatar\/16a1fd4ef08b5da8cee27aa9c2916409bd90faa3576b0302ee722f539fbc46cd?s=96&d=mm&r=g","contentUrl":"https:\/\/secure.gravatar.com\/avatar\/16a1fd4ef08b5da8cee27aa9c2916409bd90faa3576b0302ee722f539fbc46cd?s=96&d=mm&r=g","caption":"esgalla esgalla"}}]}},"_links":{"self":[{"href":"https:\/\/northius.com\/pt\/wp-json\/wp\/v2\/posts\/6905","targetHints":{"allow":["GET"]}}],"collection":[{"href":"https:\/\/northius.com\/pt\/wp-json\/wp\/v2\/posts"}],"about":[{"href":"https:\/\/northius.com\/pt\/wp-json\/wp\/v2\/types\/post"}],"author":[{"embeddable":true,"href":"https:\/\/northius.com\/pt\/wp-json\/wp\/v2\/users\/5"}],"replies":[{"embeddable":true,"href":"https:\/\/northius.com\/pt\/wp-json\/wp\/v2\/comments?post=6905"}],"version-history":[{"count":3,"href":"https:\/\/northius.com\/pt\/wp-json\/wp\/v2\/posts\/6905\/revisions"}],"predecessor-version":[{"id":7017,"href":"https:\/\/northius.com\/pt\/wp-json\/wp\/v2\/posts\/6905\/revisions\/7017"}],"wp:attachment":[{"href":"https:\/\/northius.com\/pt\/wp-json\/wp\/v2\/media?parent=6905"}],"wp:term":[{"taxonomy":"category","embeddable":true,"href":"https:\/\/northius.com\/pt\/wp-json\/wp\/v2\/categories?post=6905"},{"taxonomy":"post_tag","embeddable":true,"href":"https:\/\/northius.com\/pt\/wp-json\/wp\/v2\/tags?post=6905"}],"curies":[{"name":"wp","href":"https:\/\/api.w.org\/{rel}","templated":true}]}}