{"id":6885,"date":"2023-03-08T09:58:26","date_gmt":"2023-03-08T09:58:26","guid":{"rendered":"https:\/\/northius.com\/northius-participa-na-jornada-de-diretores-de-recursos-humanos-organizada-pela-cre100do-em-madrid\/"},"modified":"2023-06-30T09:08:23","modified_gmt":"2023-06-30T09:08:23","slug":"northius-participa-na-jornada-de-diretores-de-recursos-humanos-organizada-pela-cre100do-em-madrid","status":"publish","type":"post","link":"https:\/\/northius.com\/pt\/noticias\/northius-participa-na-jornada-de-diretores-de-recursos-humanos-organizada-pela-cre100do-em-madrid\/","title":{"rendered":"Northius participa na jornada de diretores de recursos humanos organizada pela Cre100do em Madrid"},"content":{"rendered":"<ul>\n<li>The company is scheduled to take part in two events: the Recruiting Hell event, which EBF is organising in A Coru\u00f1a, and the &#8216;Muller e Empresa&#8217; round table that will be held at Nord\u00e9s Club Empresarial.<\/li>\n<\/ul>\n<p>&nbsp;<\/p>\n<p><strong>A Coru\u00f1a, 7 de mar\u00e7o de 2023<\/strong> &#8211; A Northius, um grupo galego l\u00edder no setor da forma\u00e7\u00e3o em Espanha, estar\u00e1 presente nesta quinta-feira, dia 9 de mar\u00e7o, na jornada anual organizada pela Cre100do em Madrid. O objetivo \u00e9 fortalecer as rela\u00e7\u00f5es entre os respons\u00e1veis pelo talento e analisar as tend\u00eancias de lideran\u00e7a, refletindo assim o compromisso da Northius com a melhoria cont\u00ednua no seu setor.<\/p>\n<p>Nesse sentido, o evento, que conta com a participa\u00e7\u00e3o de diferentes profissionais de refer\u00eancia na \u00e1rea de recursos humanos, est\u00e1 focado na import\u00e2ncia do desenvolvimento de People Analytics, no formato de trabalho h\u00edbrido e na integra\u00e7\u00e3o de talento jovem, entre outros temas.<\/p>\n<p>&#8220;A nossa participa\u00e7\u00e3o neste evento reflete a nossa constante busca pela melhoria cont\u00ednua para responder \u00e0s necessidades dos nossos mais de 65.000 alunos e dos nossos mais de 1000 funcion\u00e1rios, que trabalham todos os dias para oferecer forma\u00e7\u00f5es adaptadas \u00e0s necessidades do mercado profissional e \u00e0s preocupa\u00e7\u00f5es dos alunos&#8221;, explicou Patricia Acedo, respons\u00e1vel de Recursos Humanos da Northius.<\/p>\n<p>&nbsp;<\/p>\n<h2><strong>Compromisso da Northius com o talento<\/strong><\/h2>\n<p>A empresa, cuja miss\u00e3o \u00e9 ajudar as pessoas a alcan\u00e7ar os seus objetivos profissionais, promovendo os valores da honestidade, profissionalismo e entusiasmo. Tamb\u00e9m participa esta semana no evento Recruiting Hell organizado pela EBF, onde diferentes perfis em busca de emprego poder\u00e3o apresentar-se a v\u00e1rios profissionais presentes no evento e receber feedback direto para atingir o seu objetivo de inser\u00e7\u00e3o no mercado de trabalho, contando com perfis experientes que conhecem o mercado profissional.<\/p>\n<p>Al\u00e9m disso, alinhada com o seu compromisso de alcan\u00e7ar uma sociedade mais igualit\u00e1ria em termos de oportunidades sociais e laborais, a empresa tamb\u00e9m participar\u00e1 na mesa-redonda &#8220;Muller e Empresa&#8221; organizada pela AJE Coru\u00f1a no Nord\u00e9s Club Empresarial.<\/p>\n<p>Neste evento, que visa valorizar a presen\u00e7a feminina no mundo dos neg\u00f3cios e no empreendedorismo. Estar\u00e1 presente a diretora de Comunica\u00e7\u00e3o da Northius, Mar\u00eda Nieto, com o objetivo de refletir o compromisso do Grupo em impulsionar o talento feminino, fortalecer a lideran\u00e7a das mulheres e promover a sua participa\u00e7\u00e3o nas esferas de decis\u00e3o.<\/p>\n<p>&#8220;Unimo-nos no Dia da Mulher para dar visibilidade ao talento feminino como forma de contribuir para uma sociedade melhor&#8221;, explicou Susana S\u00e1nchez, diretora adjunta. &#8220;A Northius tem um compromisso claro em reduzir as desigualdades em todas as \u00e1reas, e um exemplo claro disso \u00e9 o compromisso da empresa com a concilia\u00e7\u00e3o e o talento feminino&#8221;, concluiu.<\/p>\n<p>Alinhado com esse compromisso de alcan\u00e7ar metas profissionais, a empresa possui um programa que visa, atrav\u00e9s das suas forma\u00e7\u00f5es focadas na empregabilidade, impulsionar a integra\u00e7\u00e3o no mercado de trabalho de grupos em risco de exclus\u00e3o. Alguns exemplos incluem mulheres, em particular aquelas com mais de 45 anos que est\u00e3o desempregadas h\u00e1 muito tempo, pessoas com defici\u00eancia, migrantes e pessoas em risco de exclus\u00e3o social devido a ra\u00e7a ou etnia. Para esse fim, este programa possui um or\u00e7amento de 1 milh\u00e3o de euros em bolsas de estudo e um projeto que utiliza intelig\u00eancia artificial para facilitar a inclus\u00e3o laboral desses grupos.<\/p>\n<p>&nbsp;<\/p>\n<h2><strong>Sobre a Northius<\/strong><\/h2>\n<p>A Northius \u00e9 um grupo l\u00edder em forma\u00e7\u00e3o na Espanha, com mais de 1.000 funcion\u00e1rios, que integra institui\u00e7\u00f5es de forma\u00e7\u00e3o experientes com um objetivo comum: capacitar e preparar os profissionais do futuro. Atualmente, possui mais de 65.000 alunos ativos e mais de 35.000 novas matr\u00edculas por ano. O grupo possui mais de 40 centros de forma\u00e7\u00e3o distribu\u00eddos na Pen\u00ednsula Ib\u00e9rica, al\u00e9m de uma presen\u00e7a significativa em outros pa\u00edses da Europa (B\u00e9lgica, Dinamarca, Inglaterra, Irlanda e Pa\u00edses Baixos) e Am\u00e9rica Latina (Argentina, Col\u00f4mbia, Costa Rica, Chile, Equador, M\u00e9xico, Peru, Panam\u00e1, Uruguai, Rep\u00fablica Dominicana e Porto Rico). A Northius \u00e9 composta por 10 institui\u00e7\u00f5es de forma\u00e7\u00e3o: Unisport, Deusto Formaci\u00f3n, Deusto Salud, Campus Training, CEMP, Mint, Tokio School, Treintaycincomm, Nubika, Flou.  <\/p>\n<p>&nbsp;<\/p>\n","protected":false},"excerpt":{"rendered":"<p>The company is scheduled to take part in two events: the Recruiting Hell event, which EBF is organising in A Coru\u00f1a, and the &#8216;Muller e Empresa&#8217; round table that will be held at Nord\u00e9s Club Empresarial. &nbsp; A Coru\u00f1a, 7 de mar\u00e7o de 2023 &#8211; A Northius, um grupo galego l\u00edder no setor da forma\u00e7\u00e3o [&hellip;]<\/p>\n","protected":false},"author":5,"featured_media":0,"comment_status":"open","ping_status":"open","sticky":false,"template":"","format":"standard","meta":{"_acf_changed":false,"inline_featured_image":false,"footnotes":""},"categories":[70],"tags":[],"class_list":["post-6885","post","type-post","status-publish","format-standard","hentry","category-noticias-pt"],"acf":[],"yoast_head":"<!-- This site is optimized with the Yoast SEO plugin v26.2 - https:\/\/yoast.com\/wordpress\/plugins\/seo\/ -->\n<title>Northius participa na jornada de diretores de recursos humanos organizada pela Cre100do em Madrid<\/title>\n<meta name=\"description\" content=\"The company is scheduled to take part in two events: the Recruiting Hell event, which EBF is organising in A Coru\u00f1a, and the &#039;Muller e Empresa&#039; round table that will be held at Nord\u00e9s Club Empresarial.\" \/>\n<meta name=\"robots\" content=\"index, follow, max-snippet:-1, max-image-preview:large, max-video-preview:-1\" \/>\n<link rel=\"canonical\" href=\"https:\/\/northius.com\/pt\/noticias\/northius-participa-na-jornada-de-diretores-de-recursos-humanos-organizada-pela-cre100do-em-madrid\/\" \/>\n<meta property=\"og:locale\" content=\"pt_PT\" \/>\n<meta property=\"og:type\" content=\"article\" \/>\n<meta property=\"og:title\" content=\"Northius participa na jornada de diretores de recursos humanos organizada pela Cre100do em Madrid\" \/>\n<meta property=\"og:description\" content=\"The company is scheduled to take part in two events: the Recruiting Hell event, which EBF is organising in A Coru\u00f1a, and the &#039;Muller e Empresa&#039; round table that will be held at Nord\u00e9s Club Empresarial.\" \/>\n<meta property=\"og:url\" content=\"https:\/\/northius.com\/pt\/noticias\/northius-participa-na-jornada-de-diretores-de-recursos-humanos-organizada-pela-cre100do-em-madrid\/\" \/>\n<meta property=\"og:site_name\" content=\"Northius\" \/>\n<meta property=\"article:published_time\" content=\"2023-03-08T09:58:26+00:00\" \/>\n<meta property=\"article:modified_time\" content=\"2023-06-30T09:08:23+00:00\" \/>\n<meta name=\"author\" content=\"esgalla esgalla\" \/>\n<meta name=\"twitter:card\" content=\"summary_large_image\" \/>\n<meta name=\"twitter:label1\" content=\"Written by\" \/>\n\t<meta name=\"twitter:data1\" content=\"esgalla esgalla\" \/>\n\t<meta name=\"twitter:label2\" content=\"Est. reading time\" \/>\n\t<meta name=\"twitter:data2\" content=\"4 minutes\" \/>\n<script type=\"application\/ld+json\" class=\"yoast-schema-graph\">{\"@context\":\"https:\/\/schema.org\",\"@graph\":[{\"@type\":\"Article\",\"@id\":\"https:\/\/northius.com\/pt\/noticias\/northius-participa-na-jornada-de-diretores-de-recursos-humanos-organizada-pela-cre100do-em-madrid\/#article\",\"isPartOf\":{\"@id\":\"https:\/\/northius.com\/pt\/noticias\/northius-participa-na-jornada-de-diretores-de-recursos-humanos-organizada-pela-cre100do-em-madrid\/\"},\"author\":{\"name\":\"esgalla esgalla\",\"@id\":\"https:\/\/northius.com\/pt\/#\/schema\/person\/1e51e8d6584f535c6388b3ea146afdfb\"},\"headline\":\"Northius participa na jornada de diretores de recursos humanos organizada pela Cre100do em Madrid\",\"datePublished\":\"2023-03-08T09:58:26+00:00\",\"dateModified\":\"2023-06-30T09:08:23+00:00\",\"mainEntityOfPage\":{\"@id\":\"https:\/\/northius.com\/pt\/noticias\/northius-participa-na-jornada-de-diretores-de-recursos-humanos-organizada-pela-cre100do-em-madrid\/\"},\"wordCount\":729,\"commentCount\":0,\"publisher\":{\"@id\":\"https:\/\/northius.com\/pt\/#organization\"},\"articleSection\":[\"Not\u00edcias\"],\"inLanguage\":\"pt-P\",\"potentialAction\":[{\"@type\":\"CommentAction\",\"name\":\"Comment\",\"target\":[\"https:\/\/northius.com\/pt\/noticias\/northius-participa-na-jornada-de-diretores-de-recursos-humanos-organizada-pela-cre100do-em-madrid\/#respond\"]}]},{\"@type\":\"WebPage\",\"@id\":\"https:\/\/northius.com\/pt\/noticias\/northius-participa-na-jornada-de-diretores-de-recursos-humanos-organizada-pela-cre100do-em-madrid\/\",\"url\":\"https:\/\/northius.com\/pt\/noticias\/northius-participa-na-jornada-de-diretores-de-recursos-humanos-organizada-pela-cre100do-em-madrid\/\",\"name\":\"Northius participa na jornada de diretores de recursos humanos organizada pela Cre100do em Madrid\",\"isPartOf\":{\"@id\":\"https:\/\/northius.com\/pt\/#website\"},\"datePublished\":\"2023-03-08T09:58:26+00:00\",\"dateModified\":\"2023-06-30T09:08:23+00:00\",\"description\":\"The company is scheduled to take part in two events: the Recruiting Hell event, which EBF is organising in A Coru\u00f1a, and the 'Muller e Empresa' round table that will be held at Nord\u00e9s Club Empresarial.\",\"breadcrumb\":{\"@id\":\"https:\/\/northius.com\/pt\/noticias\/northius-participa-na-jornada-de-diretores-de-recursos-humanos-organizada-pela-cre100do-em-madrid\/#breadcrumb\"},\"inLanguage\":\"pt-P\",\"potentialAction\":[{\"@type\":\"ReadAction\",\"target\":[\"https:\/\/northius.com\/pt\/noticias\/northius-participa-na-jornada-de-diretores-de-recursos-humanos-organizada-pela-cre100do-em-madrid\/\"]}]},{\"@type\":\"BreadcrumbList\",\"@id\":\"https:\/\/northius.com\/pt\/noticias\/northius-participa-na-jornada-de-diretores-de-recursos-humanos-organizada-pela-cre100do-em-madrid\/#breadcrumb\",\"itemListElement\":[{\"@type\":\"ListItem\",\"position\":1,\"name\":\"Inicio\",\"item\":\"https:\/\/northius.com\/pt\/\"},{\"@type\":\"ListItem\",\"position\":2,\"name\":\"Northius participa na jornada de diretores de recursos humanos organizada pela Cre100do em Madrid\"}]},{\"@type\":\"WebSite\",\"@id\":\"https:\/\/northius.com\/pt\/#website\",\"url\":\"https:\/\/northius.com\/pt\/\",\"name\":\"Northius\",\"description\":\"El grupo educativo de formaci\u00f3n especializada\",\"publisher\":{\"@id\":\"https:\/\/northius.com\/pt\/#organization\"},\"potentialAction\":[{\"@type\":\"SearchAction\",\"target\":{\"@type\":\"EntryPoint\",\"urlTemplate\":\"https:\/\/northius.com\/pt\/?s={search_term_string}\"},\"query-input\":{\"@type\":\"PropertyValueSpecification\",\"valueRequired\":true,\"valueName\":\"search_term_string\"}}],\"inLanguage\":\"pt-P\"},{\"@type\":\"Organization\",\"@id\":\"https:\/\/northius.com\/pt\/#organization\",\"name\":\"Northius\",\"url\":\"https:\/\/northius.com\/pt\/\",\"logo\":{\"@type\":\"ImageObject\",\"inLanguage\":\"pt-P\",\"@id\":\"https:\/\/northius.com\/pt\/#\/schema\/logo\/image\/\",\"url\":\"https:\/\/northius.com\/wp-content\/uploads\/2022\/05\/logo.svg\",\"contentUrl\":\"https:\/\/northius.com\/wp-content\/uploads\/2022\/05\/logo.svg\",\"width\":196,\"height\":36,\"caption\":\"Northius\"},\"image\":{\"@id\":\"https:\/\/northius.com\/pt\/#\/schema\/logo\/image\/\"}},{\"@type\":\"Person\",\"@id\":\"https:\/\/northius.com\/pt\/#\/schema\/person\/1e51e8d6584f535c6388b3ea146afdfb\",\"name\":\"esgalla esgalla\",\"image\":{\"@type\":\"ImageObject\",\"inLanguage\":\"pt-P\",\"@id\":\"https:\/\/northius.com\/pt\/#\/schema\/person\/image\/\",\"url\":\"https:\/\/secure.gravatar.com\/avatar\/16a1fd4ef08b5da8cee27aa9c2916409bd90faa3576b0302ee722f539fbc46cd?s=96&d=mm&r=g\",\"contentUrl\":\"https:\/\/secure.gravatar.com\/avatar\/16a1fd4ef08b5da8cee27aa9c2916409bd90faa3576b0302ee722f539fbc46cd?s=96&d=mm&r=g\",\"caption\":\"esgalla esgalla\"}}]}<\/script>\n<!-- \/ Yoast SEO plugin. -->","yoast_head_json":{"title":"Northius participa na jornada de diretores de recursos humanos organizada pela Cre100do em Madrid","description":"The company is scheduled to take part in two events: the Recruiting Hell event, which EBF is organising in A Coru\u00f1a, and the 'Muller e Empresa' round table that will be held at Nord\u00e9s Club Empresarial.","robots":{"index":"index","follow":"follow","max-snippet":"max-snippet:-1","max-image-preview":"max-image-preview:large","max-video-preview":"max-video-preview:-1"},"canonical":"https:\/\/northius.com\/pt\/noticias\/northius-participa-na-jornada-de-diretores-de-recursos-humanos-organizada-pela-cre100do-em-madrid\/","og_locale":"pt_PT","og_type":"article","og_title":"Northius participa na jornada de diretores de recursos humanos organizada pela Cre100do em Madrid","og_description":"The company is scheduled to take part in two events: the Recruiting Hell event, which EBF is organising in A Coru\u00f1a, and the 'Muller e Empresa' round table that will be held at Nord\u00e9s Club Empresarial.","og_url":"https:\/\/northius.com\/pt\/noticias\/northius-participa-na-jornada-de-diretores-de-recursos-humanos-organizada-pela-cre100do-em-madrid\/","og_site_name":"Northius","article_published_time":"2023-03-08T09:58:26+00:00","article_modified_time":"2023-06-30T09:08:23+00:00","author":"esgalla esgalla","twitter_card":"summary_large_image","twitter_misc":{"Written by":"esgalla esgalla","Est. reading time":"4 minutes"},"schema":{"@context":"https:\/\/schema.org","@graph":[{"@type":"Article","@id":"https:\/\/northius.com\/pt\/noticias\/northius-participa-na-jornada-de-diretores-de-recursos-humanos-organizada-pela-cre100do-em-madrid\/#article","isPartOf":{"@id":"https:\/\/northius.com\/pt\/noticias\/northius-participa-na-jornada-de-diretores-de-recursos-humanos-organizada-pela-cre100do-em-madrid\/"},"author":{"name":"esgalla esgalla","@id":"https:\/\/northius.com\/pt\/#\/schema\/person\/1e51e8d6584f535c6388b3ea146afdfb"},"headline":"Northius participa na jornada de diretores de recursos humanos organizada pela Cre100do em Madrid","datePublished":"2023-03-08T09:58:26+00:00","dateModified":"2023-06-30T09:08:23+00:00","mainEntityOfPage":{"@id":"https:\/\/northius.com\/pt\/noticias\/northius-participa-na-jornada-de-diretores-de-recursos-humanos-organizada-pela-cre100do-em-madrid\/"},"wordCount":729,"commentCount":0,"publisher":{"@id":"https:\/\/northius.com\/pt\/#organization"},"articleSection":["Not\u00edcias"],"inLanguage":"pt-P","potentialAction":[{"@type":"CommentAction","name":"Comment","target":["https:\/\/northius.com\/pt\/noticias\/northius-participa-na-jornada-de-diretores-de-recursos-humanos-organizada-pela-cre100do-em-madrid\/#respond"]}]},{"@type":"WebPage","@id":"https:\/\/northius.com\/pt\/noticias\/northius-participa-na-jornada-de-diretores-de-recursos-humanos-organizada-pela-cre100do-em-madrid\/","url":"https:\/\/northius.com\/pt\/noticias\/northius-participa-na-jornada-de-diretores-de-recursos-humanos-organizada-pela-cre100do-em-madrid\/","name":"Northius participa na jornada de diretores de recursos humanos organizada pela Cre100do em Madrid","isPartOf":{"@id":"https:\/\/northius.com\/pt\/#website"},"datePublished":"2023-03-08T09:58:26+00:00","dateModified":"2023-06-30T09:08:23+00:00","description":"The company is scheduled to take part in two events: the Recruiting Hell event, which EBF is organising in A Coru\u00f1a, and the 'Muller e Empresa' round table that will be held at Nord\u00e9s Club Empresarial.","breadcrumb":{"@id":"https:\/\/northius.com\/pt\/noticias\/northius-participa-na-jornada-de-diretores-de-recursos-humanos-organizada-pela-cre100do-em-madrid\/#breadcrumb"},"inLanguage":"pt-P","potentialAction":[{"@type":"ReadAction","target":["https:\/\/northius.com\/pt\/noticias\/northius-participa-na-jornada-de-diretores-de-recursos-humanos-organizada-pela-cre100do-em-madrid\/"]}]},{"@type":"BreadcrumbList","@id":"https:\/\/northius.com\/pt\/noticias\/northius-participa-na-jornada-de-diretores-de-recursos-humanos-organizada-pela-cre100do-em-madrid\/#breadcrumb","itemListElement":[{"@type":"ListItem","position":1,"name":"Inicio","item":"https:\/\/northius.com\/pt\/"},{"@type":"ListItem","position":2,"name":"Northius participa na jornada de diretores de recursos humanos organizada pela Cre100do em Madrid"}]},{"@type":"WebSite","@id":"https:\/\/northius.com\/pt\/#website","url":"https:\/\/northius.com\/pt\/","name":"Northius","description":"El grupo educativo de formaci\u00f3n especializada","publisher":{"@id":"https:\/\/northius.com\/pt\/#organization"},"potentialAction":[{"@type":"SearchAction","target":{"@type":"EntryPoint","urlTemplate":"https:\/\/northius.com\/pt\/?s={search_term_string}"},"query-input":{"@type":"PropertyValueSpecification","valueRequired":true,"valueName":"search_term_string"}}],"inLanguage":"pt-P"},{"@type":"Organization","@id":"https:\/\/northius.com\/pt\/#organization","name":"Northius","url":"https:\/\/northius.com\/pt\/","logo":{"@type":"ImageObject","inLanguage":"pt-P","@id":"https:\/\/northius.com\/pt\/#\/schema\/logo\/image\/","url":"https:\/\/northius.com\/wp-content\/uploads\/2022\/05\/logo.svg","contentUrl":"https:\/\/northius.com\/wp-content\/uploads\/2022\/05\/logo.svg","width":196,"height":36,"caption":"Northius"},"image":{"@id":"https:\/\/northius.com\/pt\/#\/schema\/logo\/image\/"}},{"@type":"Person","@id":"https:\/\/northius.com\/pt\/#\/schema\/person\/1e51e8d6584f535c6388b3ea146afdfb","name":"esgalla esgalla","image":{"@type":"ImageObject","inLanguage":"pt-P","@id":"https:\/\/northius.com\/pt\/#\/schema\/person\/image\/","url":"https:\/\/secure.gravatar.com\/avatar\/16a1fd4ef08b5da8cee27aa9c2916409bd90faa3576b0302ee722f539fbc46cd?s=96&d=mm&r=g","contentUrl":"https:\/\/secure.gravatar.com\/avatar\/16a1fd4ef08b5da8cee27aa9c2916409bd90faa3576b0302ee722f539fbc46cd?s=96&d=mm&r=g","caption":"esgalla esgalla"}}]}},"_links":{"self":[{"href":"https:\/\/northius.com\/pt\/wp-json\/wp\/v2\/posts\/6885","targetHints":{"allow":["GET"]}}],"collection":[{"href":"https:\/\/northius.com\/pt\/wp-json\/wp\/v2\/posts"}],"about":[{"href":"https:\/\/northius.com\/pt\/wp-json\/wp\/v2\/types\/post"}],"author":[{"embeddable":true,"href":"https:\/\/northius.com\/pt\/wp-json\/wp\/v2\/users\/5"}],"replies":[{"embeddable":true,"href":"https:\/\/northius.com\/pt\/wp-json\/wp\/v2\/comments?post=6885"}],"version-history":[{"count":1,"href":"https:\/\/northius.com\/pt\/wp-json\/wp\/v2\/posts\/6885\/revisions"}],"predecessor-version":[{"id":6974,"href":"https:\/\/northius.com\/pt\/wp-json\/wp\/v2\/posts\/6885\/revisions\/6974"}],"wp:attachment":[{"href":"https:\/\/northius.com\/pt\/wp-json\/wp\/v2\/media?parent=6885"}],"wp:term":[{"taxonomy":"category","embeddable":true,"href":"https:\/\/northius.com\/pt\/wp-json\/wp\/v2\/categories?post=6885"},{"taxonomy":"post_tag","embeddable":true,"href":"https:\/\/northius.com\/pt\/wp-json\/wp\/v2\/tags?post=6885"}],"curies":[{"name":"wp","href":"https:\/\/api.w.org\/{rel}","templated":true}]}}