{"id":6882,"date":"2023-03-13T09:30:59","date_gmt":"2023-03-13T09:30:59","guid":{"rendered":"https:\/\/northius.com\/northius-procura-talento-na-feira-de-emprego-da-iffe-business-school\/"},"modified":"2023-06-30T09:08:09","modified_gmt":"2023-06-30T09:08:09","slug":"northius-procura-talento-na-feira-de-emprego-da-iffe-business-school","status":"publish","type":"post","link":"https:\/\/northius.com\/pt\/noticias\/northius-procura-talento-na-feira-de-emprego-da-iffe-business-school\/","title":{"rendered":"Northius procura talento na Feira de Emprego da IFFE Business School"},"content":{"rendered":"<ul>\n<li><strong>O grupo empresarial, com sede em A Corunha, mais de 1000 funcion\u00e1rios e presen\u00e7a no mercado espanhol, europeu e sul-americano, ir\u00e1 participar na feira de emprego que se realiza esta semana.<\/strong><\/li>\n<\/ul>\n<p>&nbsp;<\/p>\n<p><strong>A Corunha, 13 de mar\u00e7o de 2023<\/strong> &#8211; A Northius, um grupo galego l\u00edder no setor da forma\u00e7\u00e3o em Espanha, ir\u00e1 participar esta semana na feira de emprego organizada pela IFFE Business School, com o objetivo de encontrar talento tanto a n\u00edvel s\u00e9nior como j\u00fanior que esteja \u00e0 procura de oportunidades de emprego e crescimento profissional.<\/p>\n<p>&#8220;A Northius \u00e9 uma empresa em constante crescimento, por isso estamos sempre \u00e0 procura de novos perfis para enriquecer a nossa equipa&#8221;, explicou a respons\u00e1vel de Recursos Humanos da Northius, Patricia Acedo. &#8220;Por isso, esta feira organizada pela IFFE Business School permite-nos conhecer perfis que possam ser interessantes para a Northius, al\u00e9m de continuar a dar a conhecer a nossa empresa no mercado de trabalho&#8221;.<\/p>\n<p>Assim, a empresa corunhesa juntar-se-\u00e1 a mais de 70 empresas nacionais e internacionais que se reunir\u00e3o nos dias 14, 15 e 16 de mar\u00e7o para conhecer perfis nas \u00e1reas tecnol\u00f3gicas, engenharia, finan\u00e7as, recursos humanos, com\u00e9rcio exterior, log\u00edstica, marketing, produ\u00e7\u00e3o, contabilidade, fiscalidade e profissionais de sa\u00fade que estar\u00e3o presentes no campus da IFFE Business School.<\/p>\n<p><img fetchpriority=\"high\" decoding=\"async\" class=\"aligncenter wp-image-6040\" src=\"https:\/\/northius.com\/wp-content\/uploads\/2023\/03\/empresas-redes_northius.jpg\" alt=\"\" width=\"600\" height=\"600\"><\/p>\n<h2><\/h2>\n<h2><strong>Sobre a Northius<\/strong><\/h2>\n<p>A Northius \u00e9 um grupo l\u00edder em forma\u00e7\u00e3o na Espanha, com mais de 1.000 funcion\u00e1rios, que integra institui\u00e7\u00f5es de forma\u00e7\u00e3o experientes com um objetivo comum: capacitar e preparar os profissionais do futuro. Atualmente, possui mais de 65.000 alunos ativos e mais de 35.000 novas matr\u00edculas por ano. O grupo possui mais de 40 centros de forma\u00e7\u00e3o distribu\u00eddos na Pen\u00ednsula Ib\u00e9rica, al\u00e9m de uma presen\u00e7a significativa em outros pa\u00edses da Europa (B\u00e9lgica, Dinamarca, Inglaterra, Irlanda e Pa\u00edses Baixos) e Am\u00e9rica Latina (Argentina, Col\u00f4mbia, Costa Rica, Chile, Equador, M\u00e9xico, Peru, Panam\u00e1, Uruguai, Rep\u00fablica Dominicana e Porto Rico).  <\/p>\n<p>&nbsp;<\/p>\n<p>A Northius \u00e9 composta por 10 institui\u00e7\u00f5es de forma\u00e7\u00e3o: Unisport, Deusto Formaci\u00f3n, Deusto Salud, Campus Training, CEMP, Mint, Tokio School, Treintaycincomm, Nubika, Flou.<\/p>\n","protected":false},"excerpt":{"rendered":"<p>O grupo empresarial, com sede em A Corunha, mais de 1000 funcion\u00e1rios e presen\u00e7a no mercado espanhol, europeu e sul-americano, ir\u00e1 participar na feira de emprego que se realiza esta semana. &nbsp; A Corunha, 13 de mar\u00e7o de 2023 &#8211; A Northius, um grupo galego l\u00edder no setor da forma\u00e7\u00e3o em Espanha, ir\u00e1 participar esta [&hellip;]<\/p>\n","protected":false},"author":5,"featured_media":6883,"comment_status":"open","ping_status":"open","sticky":false,"template":"","format":"standard","meta":{"_acf_changed":false,"inline_featured_image":false,"footnotes":""},"categories":[70],"tags":[],"class_list":["post-6882","post","type-post","status-publish","format-standard","has-post-thumbnail","hentry","category-noticias-pt"],"acf":[],"yoast_head":"<!-- This site is optimized with the Yoast SEO plugin v26.2 - https:\/\/yoast.com\/wordpress\/plugins\/seo\/ -->\n<title>Northius procura talento na Feira de Emprego da IFFE Business School<\/title>\n<meta name=\"description\" content=\"O grupo empresarial, com sede em A Corunha, mais de 1000 funcion\u00e1rios e presen\u00e7a no mercado espanhol, europeu e sul-americano, ir\u00e1 participar na feira de emprego que se realiza esta semana.\" \/>\n<meta name=\"robots\" content=\"index, follow, max-snippet:-1, max-image-preview:large, max-video-preview:-1\" \/>\n<link rel=\"canonical\" href=\"https:\/\/northius.com\/pt\/noticias\/northius-procura-talento-na-feira-de-emprego-da-iffe-business-school\/\" \/>\n<meta property=\"og:locale\" content=\"pt_PT\" \/>\n<meta property=\"og:type\" content=\"article\" \/>\n<meta property=\"og:title\" content=\"Northius procura talento na Feira de Emprego da IFFE Business School\" \/>\n<meta property=\"og:description\" content=\"O grupo empresarial, com sede em A Corunha, mais de 1000 funcion\u00e1rios e presen\u00e7a no mercado espanhol, europeu e sul-americano, ir\u00e1 participar na feira de emprego que se realiza esta semana.\" \/>\n<meta property=\"og:url\" content=\"https:\/\/northius.com\/pt\/noticias\/northius-procura-talento-na-feira-de-emprego-da-iffe-business-school\/\" \/>\n<meta property=\"og:site_name\" content=\"Northius\" \/>\n<meta property=\"article:published_time\" content=\"2023-03-13T09:30:59+00:00\" \/>\n<meta property=\"article:modified_time\" content=\"2023-06-30T09:08:09+00:00\" \/>\n<meta property=\"og:image\" content=\"https:\/\/northius.com\/wp-content\/uploads\/2023\/03\/empresas-redes_northius.jpg\" \/>\n\t<meta property=\"og:image:width\" content=\"1080\" \/>\n\t<meta property=\"og:image:height\" content=\"1080\" \/>\n\t<meta property=\"og:image:type\" content=\"image\/jpeg\" \/>\n<meta name=\"author\" content=\"esgalla esgalla\" \/>\n<meta name=\"twitter:card\" content=\"summary_large_image\" \/>\n<meta name=\"twitter:label1\" content=\"Written by\" \/>\n\t<meta name=\"twitter:data1\" content=\"esgalla esgalla\" \/>\n\t<meta name=\"twitter:label2\" content=\"Est. reading time\" \/>\n\t<meta name=\"twitter:data2\" content=\"2 minutes\" \/>\n<script type=\"application\/ld+json\" class=\"yoast-schema-graph\">{\"@context\":\"https:\/\/schema.org\",\"@graph\":[{\"@type\":\"Article\",\"@id\":\"https:\/\/northius.com\/pt\/noticias\/northius-procura-talento-na-feira-de-emprego-da-iffe-business-school\/#article\",\"isPartOf\":{\"@id\":\"https:\/\/northius.com\/pt\/noticias\/northius-procura-talento-na-feira-de-emprego-da-iffe-business-school\/\"},\"author\":{\"name\":\"esgalla esgalla\",\"@id\":\"https:\/\/northius.com\/pt\/#\/schema\/person\/1e51e8d6584f535c6388b3ea146afdfb\"},\"headline\":\"Northius procura talento na Feira de Emprego da IFFE Business School\",\"datePublished\":\"2023-03-13T09:30:59+00:00\",\"dateModified\":\"2023-06-30T09:08:09+00:00\",\"mainEntityOfPage\":{\"@id\":\"https:\/\/northius.com\/pt\/noticias\/northius-procura-talento-na-feira-de-emprego-da-iffe-business-school\/\"},\"wordCount\":364,\"commentCount\":0,\"publisher\":{\"@id\":\"https:\/\/northius.com\/pt\/#organization\"},\"image\":{\"@id\":\"https:\/\/northius.com\/pt\/noticias\/northius-procura-talento-na-feira-de-emprego-da-iffe-business-school\/#primaryimage\"},\"thumbnailUrl\":\"https:\/\/northius.com\/wp-content\/uploads\/2023\/03\/empresas-redes_northius.jpg\",\"articleSection\":[\"Not\u00edcias\"],\"inLanguage\":\"pt-P\",\"potentialAction\":[{\"@type\":\"CommentAction\",\"name\":\"Comment\",\"target\":[\"https:\/\/northius.com\/pt\/noticias\/northius-procura-talento-na-feira-de-emprego-da-iffe-business-school\/#respond\"]}]},{\"@type\":\"WebPage\",\"@id\":\"https:\/\/northius.com\/pt\/noticias\/northius-procura-talento-na-feira-de-emprego-da-iffe-business-school\/\",\"url\":\"https:\/\/northius.com\/pt\/noticias\/northius-procura-talento-na-feira-de-emprego-da-iffe-business-school\/\",\"name\":\"Northius procura talento na Feira de Emprego da IFFE Business School\",\"isPartOf\":{\"@id\":\"https:\/\/northius.com\/pt\/#website\"},\"primaryImageOfPage\":{\"@id\":\"https:\/\/northius.com\/pt\/noticias\/northius-procura-talento-na-feira-de-emprego-da-iffe-business-school\/#primaryimage\"},\"image\":{\"@id\":\"https:\/\/northius.com\/pt\/noticias\/northius-procura-talento-na-feira-de-emprego-da-iffe-business-school\/#primaryimage\"},\"thumbnailUrl\":\"https:\/\/northius.com\/wp-content\/uploads\/2023\/03\/empresas-redes_northius.jpg\",\"datePublished\":\"2023-03-13T09:30:59+00:00\",\"dateModified\":\"2023-06-30T09:08:09+00:00\",\"description\":\"O grupo empresarial, com sede em A Corunha, mais de 1000 funcion\u00e1rios e presen\u00e7a no mercado espanhol, europeu e sul-americano, ir\u00e1 participar na feira de emprego que se realiza esta semana.\",\"breadcrumb\":{\"@id\":\"https:\/\/northius.com\/pt\/noticias\/northius-procura-talento-na-feira-de-emprego-da-iffe-business-school\/#breadcrumb\"},\"inLanguage\":\"pt-P\",\"potentialAction\":[{\"@type\":\"ReadAction\",\"target\":[\"https:\/\/northius.com\/pt\/noticias\/northius-procura-talento-na-feira-de-emprego-da-iffe-business-school\/\"]}]},{\"@type\":\"ImageObject\",\"inLanguage\":\"pt-P\",\"@id\":\"https:\/\/northius.com\/pt\/noticias\/northius-procura-talento-na-feira-de-emprego-da-iffe-business-school\/#primaryimage\",\"url\":\"https:\/\/northius.com\/wp-content\/uploads\/2023\/03\/empresas-redes_northius.jpg\",\"contentUrl\":\"https:\/\/northius.com\/wp-content\/uploads\/2023\/03\/empresas-redes_northius.jpg\",\"width\":1080,\"height\":1080},{\"@type\":\"BreadcrumbList\",\"@id\":\"https:\/\/northius.com\/pt\/noticias\/northius-procura-talento-na-feira-de-emprego-da-iffe-business-school\/#breadcrumb\",\"itemListElement\":[{\"@type\":\"ListItem\",\"position\":1,\"name\":\"Inicio\",\"item\":\"https:\/\/northius.com\/pt\/\"},{\"@type\":\"ListItem\",\"position\":2,\"name\":\"Northius procura talento na Feira de Emprego da IFFE Business School\"}]},{\"@type\":\"WebSite\",\"@id\":\"https:\/\/northius.com\/pt\/#website\",\"url\":\"https:\/\/northius.com\/pt\/\",\"name\":\"Northius\",\"description\":\"El grupo educativo de formaci\u00f3n especializada\",\"publisher\":{\"@id\":\"https:\/\/northius.com\/pt\/#organization\"},\"potentialAction\":[{\"@type\":\"SearchAction\",\"target\":{\"@type\":\"EntryPoint\",\"urlTemplate\":\"https:\/\/northius.com\/pt\/?s={search_term_string}\"},\"query-input\":{\"@type\":\"PropertyValueSpecification\",\"valueRequired\":true,\"valueName\":\"search_term_string\"}}],\"inLanguage\":\"pt-P\"},{\"@type\":\"Organization\",\"@id\":\"https:\/\/northius.com\/pt\/#organization\",\"name\":\"Northius\",\"url\":\"https:\/\/northius.com\/pt\/\",\"logo\":{\"@type\":\"ImageObject\",\"inLanguage\":\"pt-P\",\"@id\":\"https:\/\/northius.com\/pt\/#\/schema\/logo\/image\/\",\"url\":\"https:\/\/northius.com\/wp-content\/uploads\/2022\/05\/logo.svg\",\"contentUrl\":\"https:\/\/northius.com\/wp-content\/uploads\/2022\/05\/logo.svg\",\"width\":196,\"height\":36,\"caption\":\"Northius\"},\"image\":{\"@id\":\"https:\/\/northius.com\/pt\/#\/schema\/logo\/image\/\"}},{\"@type\":\"Person\",\"@id\":\"https:\/\/northius.com\/pt\/#\/schema\/person\/1e51e8d6584f535c6388b3ea146afdfb\",\"name\":\"esgalla esgalla\",\"image\":{\"@type\":\"ImageObject\",\"inLanguage\":\"pt-P\",\"@id\":\"https:\/\/northius.com\/pt\/#\/schema\/person\/image\/\",\"url\":\"https:\/\/secure.gravatar.com\/avatar\/16a1fd4ef08b5da8cee27aa9c2916409bd90faa3576b0302ee722f539fbc46cd?s=96&d=mm&r=g\",\"contentUrl\":\"https:\/\/secure.gravatar.com\/avatar\/16a1fd4ef08b5da8cee27aa9c2916409bd90faa3576b0302ee722f539fbc46cd?s=96&d=mm&r=g\",\"caption\":\"esgalla esgalla\"}}]}<\/script>\n<!-- \/ Yoast SEO plugin. -->","yoast_head_json":{"title":"Northius procura talento na Feira de Emprego da IFFE Business School","description":"O grupo empresarial, com sede em A Corunha, mais de 1000 funcion\u00e1rios e presen\u00e7a no mercado espanhol, europeu e sul-americano, ir\u00e1 participar na feira de emprego que se realiza esta semana.","robots":{"index":"index","follow":"follow","max-snippet":"max-snippet:-1","max-image-preview":"max-image-preview:large","max-video-preview":"max-video-preview:-1"},"canonical":"https:\/\/northius.com\/pt\/noticias\/northius-procura-talento-na-feira-de-emprego-da-iffe-business-school\/","og_locale":"pt_PT","og_type":"article","og_title":"Northius procura talento na Feira de Emprego da IFFE Business School","og_description":"O grupo empresarial, com sede em A Corunha, mais de 1000 funcion\u00e1rios e presen\u00e7a no mercado espanhol, europeu e sul-americano, ir\u00e1 participar na feira de emprego que se realiza esta semana.","og_url":"https:\/\/northius.com\/pt\/noticias\/northius-procura-talento-na-feira-de-emprego-da-iffe-business-school\/","og_site_name":"Northius","article_published_time":"2023-03-13T09:30:59+00:00","article_modified_time":"2023-06-30T09:08:09+00:00","og_image":[{"width":1080,"height":1080,"url":"https:\/\/northius.com\/wp-content\/uploads\/2023\/03\/empresas-redes_northius.jpg","type":"image\/jpeg"}],"author":"esgalla esgalla","twitter_card":"summary_large_image","twitter_misc":{"Written by":"esgalla esgalla","Est. reading time":"2 minutes"},"schema":{"@context":"https:\/\/schema.org","@graph":[{"@type":"Article","@id":"https:\/\/northius.com\/pt\/noticias\/northius-procura-talento-na-feira-de-emprego-da-iffe-business-school\/#article","isPartOf":{"@id":"https:\/\/northius.com\/pt\/noticias\/northius-procura-talento-na-feira-de-emprego-da-iffe-business-school\/"},"author":{"name":"esgalla esgalla","@id":"https:\/\/northius.com\/pt\/#\/schema\/person\/1e51e8d6584f535c6388b3ea146afdfb"},"headline":"Northius procura talento na Feira de Emprego da IFFE Business School","datePublished":"2023-03-13T09:30:59+00:00","dateModified":"2023-06-30T09:08:09+00:00","mainEntityOfPage":{"@id":"https:\/\/northius.com\/pt\/noticias\/northius-procura-talento-na-feira-de-emprego-da-iffe-business-school\/"},"wordCount":364,"commentCount":0,"publisher":{"@id":"https:\/\/northius.com\/pt\/#organization"},"image":{"@id":"https:\/\/northius.com\/pt\/noticias\/northius-procura-talento-na-feira-de-emprego-da-iffe-business-school\/#primaryimage"},"thumbnailUrl":"https:\/\/northius.com\/wp-content\/uploads\/2023\/03\/empresas-redes_northius.jpg","articleSection":["Not\u00edcias"],"inLanguage":"pt-P","potentialAction":[{"@type":"CommentAction","name":"Comment","target":["https:\/\/northius.com\/pt\/noticias\/northius-procura-talento-na-feira-de-emprego-da-iffe-business-school\/#respond"]}]},{"@type":"WebPage","@id":"https:\/\/northius.com\/pt\/noticias\/northius-procura-talento-na-feira-de-emprego-da-iffe-business-school\/","url":"https:\/\/northius.com\/pt\/noticias\/northius-procura-talento-na-feira-de-emprego-da-iffe-business-school\/","name":"Northius procura talento na Feira de Emprego da IFFE Business School","isPartOf":{"@id":"https:\/\/northius.com\/pt\/#website"},"primaryImageOfPage":{"@id":"https:\/\/northius.com\/pt\/noticias\/northius-procura-talento-na-feira-de-emprego-da-iffe-business-school\/#primaryimage"},"image":{"@id":"https:\/\/northius.com\/pt\/noticias\/northius-procura-talento-na-feira-de-emprego-da-iffe-business-school\/#primaryimage"},"thumbnailUrl":"https:\/\/northius.com\/wp-content\/uploads\/2023\/03\/empresas-redes_northius.jpg","datePublished":"2023-03-13T09:30:59+00:00","dateModified":"2023-06-30T09:08:09+00:00","description":"O grupo empresarial, com sede em A Corunha, mais de 1000 funcion\u00e1rios e presen\u00e7a no mercado espanhol, europeu e sul-americano, ir\u00e1 participar na feira de emprego que se realiza esta semana.","breadcrumb":{"@id":"https:\/\/northius.com\/pt\/noticias\/northius-procura-talento-na-feira-de-emprego-da-iffe-business-school\/#breadcrumb"},"inLanguage":"pt-P","potentialAction":[{"@type":"ReadAction","target":["https:\/\/northius.com\/pt\/noticias\/northius-procura-talento-na-feira-de-emprego-da-iffe-business-school\/"]}]},{"@type":"ImageObject","inLanguage":"pt-P","@id":"https:\/\/northius.com\/pt\/noticias\/northius-procura-talento-na-feira-de-emprego-da-iffe-business-school\/#primaryimage","url":"https:\/\/northius.com\/wp-content\/uploads\/2023\/03\/empresas-redes_northius.jpg","contentUrl":"https:\/\/northius.com\/wp-content\/uploads\/2023\/03\/empresas-redes_northius.jpg","width":1080,"height":1080},{"@type":"BreadcrumbList","@id":"https:\/\/northius.com\/pt\/noticias\/northius-procura-talento-na-feira-de-emprego-da-iffe-business-school\/#breadcrumb","itemListElement":[{"@type":"ListItem","position":1,"name":"Inicio","item":"https:\/\/northius.com\/pt\/"},{"@type":"ListItem","position":2,"name":"Northius procura talento na Feira de Emprego da IFFE Business School"}]},{"@type":"WebSite","@id":"https:\/\/northius.com\/pt\/#website","url":"https:\/\/northius.com\/pt\/","name":"Northius","description":"El grupo educativo de formaci\u00f3n especializada","publisher":{"@id":"https:\/\/northius.com\/pt\/#organization"},"potentialAction":[{"@type":"SearchAction","target":{"@type":"EntryPoint","urlTemplate":"https:\/\/northius.com\/pt\/?s={search_term_string}"},"query-input":{"@type":"PropertyValueSpecification","valueRequired":true,"valueName":"search_term_string"}}],"inLanguage":"pt-P"},{"@type":"Organization","@id":"https:\/\/northius.com\/pt\/#organization","name":"Northius","url":"https:\/\/northius.com\/pt\/","logo":{"@type":"ImageObject","inLanguage":"pt-P","@id":"https:\/\/northius.com\/pt\/#\/schema\/logo\/image\/","url":"https:\/\/northius.com\/wp-content\/uploads\/2022\/05\/logo.svg","contentUrl":"https:\/\/northius.com\/wp-content\/uploads\/2022\/05\/logo.svg","width":196,"height":36,"caption":"Northius"},"image":{"@id":"https:\/\/northius.com\/pt\/#\/schema\/logo\/image\/"}},{"@type":"Person","@id":"https:\/\/northius.com\/pt\/#\/schema\/person\/1e51e8d6584f535c6388b3ea146afdfb","name":"esgalla esgalla","image":{"@type":"ImageObject","inLanguage":"pt-P","@id":"https:\/\/northius.com\/pt\/#\/schema\/person\/image\/","url":"https:\/\/secure.gravatar.com\/avatar\/16a1fd4ef08b5da8cee27aa9c2916409bd90faa3576b0302ee722f539fbc46cd?s=96&d=mm&r=g","contentUrl":"https:\/\/secure.gravatar.com\/avatar\/16a1fd4ef08b5da8cee27aa9c2916409bd90faa3576b0302ee722f539fbc46cd?s=96&d=mm&r=g","caption":"esgalla esgalla"}}]}},"_links":{"self":[{"href":"https:\/\/northius.com\/pt\/wp-json\/wp\/v2\/posts\/6882","targetHints":{"allow":["GET"]}}],"collection":[{"href":"https:\/\/northius.com\/pt\/wp-json\/wp\/v2\/posts"}],"about":[{"href":"https:\/\/northius.com\/pt\/wp-json\/wp\/v2\/types\/post"}],"author":[{"embeddable":true,"href":"https:\/\/northius.com\/pt\/wp-json\/wp\/v2\/users\/5"}],"replies":[{"embeddable":true,"href":"https:\/\/northius.com\/pt\/wp-json\/wp\/v2\/comments?post=6882"}],"version-history":[{"count":1,"href":"https:\/\/northius.com\/pt\/wp-json\/wp\/v2\/posts\/6882\/revisions"}],"predecessor-version":[{"id":6973,"href":"https:\/\/northius.com\/pt\/wp-json\/wp\/v2\/posts\/6882\/revisions\/6973"}],"wp:featuredmedia":[{"embeddable":true,"href":"https:\/\/northius.com\/pt\/wp-json\/wp\/v2\/media\/6883"}],"wp:attachment":[{"href":"https:\/\/northius.com\/pt\/wp-json\/wp\/v2\/media?parent=6882"}],"wp:term":[{"taxonomy":"category","embeddable":true,"href":"https:\/\/northius.com\/pt\/wp-json\/wp\/v2\/categories?post=6882"},{"taxonomy":"post_tag","embeddable":true,"href":"https:\/\/northius.com\/pt\/wp-json\/wp\/v2\/tags?post=6882"}],"curies":[{"name":"wp","href":"https:\/\/api.w.org\/{rel}","templated":true}]}}