{"id":6880,"date":"2023-03-15T09:27:20","date_gmt":"2023-03-15T09:27:20","guid":{"rendered":"https:\/\/northius.com\/northius-atribui-20-bolsas-de-formacao-a-beneficiarios-da-associacao-espanhola-contra-o-cancro\/"},"modified":"2023-06-30T09:07:57","modified_gmt":"2023-06-30T09:07:57","slug":"northius-atribui-20-bolsas-de-formacao-a-beneficiarios-da-associacao-espanhola-contra-o-cancro","status":"publish","type":"post","link":"https:\/\/northius.com\/pt\/noticias\/northius-atribui-20-bolsas-de-formacao-a-beneficiarios-da-associacao-espanhola-contra-o-cancro\/","title":{"rendered":"Northius atribui 20 bolsas de forma\u00e7\u00e3o a benefici\u00e1rios da Associa\u00e7\u00e3o Espanhola contra o Cancro"},"content":{"rendered":"<ul>\n<li>A empresa galega, atrav\u00e9s do seu programa de bolsas de forma\u00e7\u00e3o, assinou um acordo com a associa\u00e7\u00e3o, comprometendo-se a apoiar a forma\u00e7\u00e3o de pacientes e cuidadores afetados por esta doen\u00e7a.<\/li>\n<\/ul>\n<p>&nbsp;<\/p>\n<p><strong>A Corunha, 6 de mar\u00e7o de 2023<\/strong> &#8211; A Northius, um grupo galego l\u00edder no setor da forma\u00e7\u00e3o em Espanha, assinou um acordo de colabora\u00e7\u00e3o com a Associa\u00e7\u00e3o Espanhola contra o Cancro para conceder 20 bolsas de forma\u00e7\u00e3o a benefici\u00e1rios da associa\u00e7\u00e3o, tanto a pacientes que sofrem da doen\u00e7a como \u00e0s pessoas que cuidam deles. Assim, os utilizadores da associa\u00e7\u00e3o que sejam benefici\u00e1rios destas bolsas poder\u00e3o frequentar diferentes cursos de forma\u00e7\u00e3o sem custos, melhorando as suas possibilidades de integra\u00e7\u00e3o no mercado de trabalho.<\/p>\n<p>&#8220;Conscientes de que as doen\u00e7as de longa dura\u00e7\u00e3o afastam tanto os pacientes como os seus cuidadores da vida profissional, na Northius assumimos um compromisso claro com a forma\u00e7\u00e3o destes grupos atrav\u00e9s de entidades que os representam, como a Associa\u00e7\u00e3o Espanhola contra o Cancro&#8221;, comentou H\u00e9ctor P\u00e9rez, diretor de sustentabilidade. &#8220;Neste sentido, somos conscientes de que as nossas forma\u00e7\u00f5es podem ajudar tanto os pacientes como os cuidadores a reintegrarem-se no mercado de trabalho, ap\u00f3s um per\u00edodo prolongado afastados do mesmo.&#8221;<\/p>\n<p><strong> <img fetchpriority=\"high\" decoding=\"async\" class=\"aligncenter wp-image-6058\" src=\"https:\/\/northius.com\/wp-content\/uploads\/2023\/03\/NORTHIUS-FOTO_LINKEDIN-1.png\" alt=\"\" width=\"800\" height=\"419\"><\/strong><\/p>\n<p>&nbsp;<\/p>\n<h2><strong>Plano de bolsas de forma\u00e7\u00e3o da Northius<\/strong><\/h2>\n<p><strong> <\/strong>O grupo galego, na sua busca por colabora\u00e7\u00e3o com a comunidade e apoio aos menos favorecidos, possui um plano de bolsas de forma\u00e7\u00e3o, dotado de um or\u00e7amento de um milh\u00e3o de euros, atrav\u00e9s do qual estabelece acordos de colabora\u00e7\u00e3o com v\u00e1rias organiza\u00e7\u00f5es, empresas e\/ou associa\u00e7\u00f5es, com o objetivo de disponibilizar gratuitamente as suas forma\u00e7\u00f5es para que sejam realizadas pelos benefici\u00e1rios dessas entidades humanit\u00e1rias e sociais.  <\/p>\n<p>&nbsp;<\/p>\n<h2><strong>Sobre a Northius<\/strong><\/h2>\n<p>A Northius \u00e9 um grupo l\u00edder em forma\u00e7\u00e3o na Espanha, com mais de 1.000 funcion\u00e1rios, que integra institui\u00e7\u00f5es de forma\u00e7\u00e3o experientes com um objetivo comum: capacitar e preparar os profissionais do futuro. Atualmente, possui mais de 65.000 alunos ativos e mais de 35.000 novas matr\u00edculas por ano. O grupo possui mais de 40 centros de forma\u00e7\u00e3o distribu\u00eddos na Pen\u00ednsula Ib\u00e9rica, al\u00e9m de uma presen\u00e7a significativa em outros pa\u00edses da Europa (B\u00e9lgica, Dinamarca, Inglaterra, Irlanda e Pa\u00edses Baixos) e Am\u00e9rica Latina (Argentina, Col\u00f4mbia, Costa Rica, Chile, Equador, M\u00e9xico, Peru, Panam\u00e1, Uruguai, Rep\u00fablica Dominicana e Porto Rico). A Northius \u00e9 composta por 10 institui\u00e7\u00f5es de forma\u00e7\u00e3o: Unisport, Deusto Formaci\u00f3n, Deusto Salud, Campus Training, CEMP, Mint, Tokio School, Treintaycincomm, Nubika, Flou.  <\/p>\n<p>&nbsp;<\/p>\n","protected":false},"excerpt":{"rendered":"<p>A empresa galega, atrav\u00e9s do seu programa de bolsas de forma\u00e7\u00e3o, assinou um acordo com a associa\u00e7\u00e3o, comprometendo-se a apoiar a forma\u00e7\u00e3o de pacientes e cuidadores afetados por esta doen\u00e7a. &nbsp; A Corunha, 6 de mar\u00e7o de 2023 &#8211; A Northius, um grupo galego l\u00edder no setor da forma\u00e7\u00e3o em Espanha, assinou um acordo de [&hellip;]<\/p>\n","protected":false},"author":5,"featured_media":6881,"comment_status":"open","ping_status":"open","sticky":false,"template":"","format":"standard","meta":{"_acf_changed":false,"inline_featured_image":false,"footnotes":""},"categories":[70],"tags":[],"class_list":["post-6880","post","type-post","status-publish","format-standard","has-post-thumbnail","hentry","category-noticias-pt"],"acf":[],"yoast_head":"<!-- This site is optimized with the Yoast SEO plugin v26.2 - https:\/\/yoast.com\/wordpress\/plugins\/seo\/ -->\n<title>Northius atribui 20 bolsas de forma\u00e7\u00e3o a benefici\u00e1rios da Associa\u00e7\u00e3o Espanhola contra o Cancro - Northius<\/title>\n<meta name=\"description\" content=\"A empresa galega, atrav\u00e9s do seu programa de bolsas de forma\u00e7\u00e3o, assinou um acordo com a associa\u00e7\u00e3o, comprometendo-se a apoiar a forma\u00e7\u00e3o de pacientes e cuidadores afetados por esta doen\u00e7a.\" \/>\n<meta name=\"robots\" content=\"index, follow, max-snippet:-1, max-image-preview:large, max-video-preview:-1\" \/>\n<link rel=\"canonical\" href=\"https:\/\/northius.com\/pt\/noticias\/northius-atribui-20-bolsas-de-formacao-a-beneficiarios-da-associacao-espanhola-contra-o-cancro\/\" \/>\n<meta property=\"og:locale\" content=\"pt_PT\" \/>\n<meta property=\"og:type\" content=\"article\" \/>\n<meta property=\"og:title\" content=\"Northius atribui 20 bolsas de forma\u00e7\u00e3o a benefici\u00e1rios da Associa\u00e7\u00e3o Espanhola contra o Cancro - Northius\" \/>\n<meta property=\"og:description\" content=\"A empresa galega, atrav\u00e9s do seu programa de bolsas de forma\u00e7\u00e3o, assinou um acordo com a associa\u00e7\u00e3o, comprometendo-se a apoiar a forma\u00e7\u00e3o de pacientes e cuidadores afetados por esta doen\u00e7a.\" \/>\n<meta property=\"og:url\" content=\"https:\/\/northius.com\/pt\/noticias\/northius-atribui-20-bolsas-de-formacao-a-beneficiarios-da-associacao-espanhola-contra-o-cancro\/\" \/>\n<meta property=\"og:site_name\" content=\"Northius\" \/>\n<meta property=\"article:published_time\" content=\"2023-03-15T09:27:20+00:00\" \/>\n<meta property=\"article:modified_time\" content=\"2023-06-30T09:07:57+00:00\" \/>\n<meta property=\"og:image\" content=\"https:\/\/northius.com\/wp-content\/uploads\/2023\/03\/NORTHIUS-FOTO_LINKEDIN-1.png\" \/>\n\t<meta property=\"og:image:width\" content=\"2500\" \/>\n\t<meta property=\"og:image:height\" content=\"1309\" \/>\n\t<meta property=\"og:image:type\" content=\"image\/png\" \/>\n<meta name=\"author\" content=\"esgalla esgalla\" \/>\n<meta name=\"twitter:card\" content=\"summary_large_image\" \/>\n<meta name=\"twitter:label1\" content=\"Written by\" \/>\n\t<meta name=\"twitter:data1\" content=\"esgalla esgalla\" \/>\n\t<meta name=\"twitter:label2\" content=\"Est. reading time\" \/>\n\t<meta name=\"twitter:data2\" content=\"2 minutes\" \/>\n<script type=\"application\/ld+json\" class=\"yoast-schema-graph\">{\"@context\":\"https:\/\/schema.org\",\"@graph\":[{\"@type\":\"Article\",\"@id\":\"https:\/\/northius.com\/pt\/noticias\/northius-atribui-20-bolsas-de-formacao-a-beneficiarios-da-associacao-espanhola-contra-o-cancro\/#article\",\"isPartOf\":{\"@id\":\"https:\/\/northius.com\/pt\/noticias\/northius-atribui-20-bolsas-de-formacao-a-beneficiarios-da-associacao-espanhola-contra-o-cancro\/\"},\"author\":{\"name\":\"esgalla esgalla\",\"@id\":\"https:\/\/northius.com\/pt\/#\/schema\/person\/1e51e8d6584f535c6388b3ea146afdfb\"},\"headline\":\"Northius atribui 20 bolsas de forma\u00e7\u00e3o a benefici\u00e1rios da Associa\u00e7\u00e3o Espanhola contra o Cancro\",\"datePublished\":\"2023-03-15T09:27:20+00:00\",\"dateModified\":\"2023-06-30T09:07:57+00:00\",\"mainEntityOfPage\":{\"@id\":\"https:\/\/northius.com\/pt\/noticias\/northius-atribui-20-bolsas-de-formacao-a-beneficiarios-da-associacao-espanhola-contra-o-cancro\/\"},\"wordCount\":460,\"commentCount\":0,\"publisher\":{\"@id\":\"https:\/\/northius.com\/pt\/#organization\"},\"image\":{\"@id\":\"https:\/\/northius.com\/pt\/noticias\/northius-atribui-20-bolsas-de-formacao-a-beneficiarios-da-associacao-espanhola-contra-o-cancro\/#primaryimage\"},\"thumbnailUrl\":\"https:\/\/northius.com\/wp-content\/uploads\/2023\/03\/NORTHIUS-FOTO_LINKEDIN-1.png\",\"articleSection\":[\"Not\u00edcias\"],\"inLanguage\":\"pt-P\",\"potentialAction\":[{\"@type\":\"CommentAction\",\"name\":\"Comment\",\"target\":[\"https:\/\/northius.com\/pt\/noticias\/northius-atribui-20-bolsas-de-formacao-a-beneficiarios-da-associacao-espanhola-contra-o-cancro\/#respond\"]}]},{\"@type\":\"WebPage\",\"@id\":\"https:\/\/northius.com\/pt\/noticias\/northius-atribui-20-bolsas-de-formacao-a-beneficiarios-da-associacao-espanhola-contra-o-cancro\/\",\"url\":\"https:\/\/northius.com\/pt\/noticias\/northius-atribui-20-bolsas-de-formacao-a-beneficiarios-da-associacao-espanhola-contra-o-cancro\/\",\"name\":\"Northius atribui 20 bolsas de forma\u00e7\u00e3o a benefici\u00e1rios da Associa\u00e7\u00e3o Espanhola contra o Cancro - Northius\",\"isPartOf\":{\"@id\":\"https:\/\/northius.com\/pt\/#website\"},\"primaryImageOfPage\":{\"@id\":\"https:\/\/northius.com\/pt\/noticias\/northius-atribui-20-bolsas-de-formacao-a-beneficiarios-da-associacao-espanhola-contra-o-cancro\/#primaryimage\"},\"image\":{\"@id\":\"https:\/\/northius.com\/pt\/noticias\/northius-atribui-20-bolsas-de-formacao-a-beneficiarios-da-associacao-espanhola-contra-o-cancro\/#primaryimage\"},\"thumbnailUrl\":\"https:\/\/northius.com\/wp-content\/uploads\/2023\/03\/NORTHIUS-FOTO_LINKEDIN-1.png\",\"datePublished\":\"2023-03-15T09:27:20+00:00\",\"dateModified\":\"2023-06-30T09:07:57+00:00\",\"description\":\"A empresa galega, atrav\u00e9s do seu programa de bolsas de forma\u00e7\u00e3o, assinou um acordo com a associa\u00e7\u00e3o, comprometendo-se a apoiar a forma\u00e7\u00e3o de pacientes e cuidadores afetados por esta doen\u00e7a.\",\"breadcrumb\":{\"@id\":\"https:\/\/northius.com\/pt\/noticias\/northius-atribui-20-bolsas-de-formacao-a-beneficiarios-da-associacao-espanhola-contra-o-cancro\/#breadcrumb\"},\"inLanguage\":\"pt-P\",\"potentialAction\":[{\"@type\":\"ReadAction\",\"target\":[\"https:\/\/northius.com\/pt\/noticias\/northius-atribui-20-bolsas-de-formacao-a-beneficiarios-da-associacao-espanhola-contra-o-cancro\/\"]}]},{\"@type\":\"ImageObject\",\"inLanguage\":\"pt-P\",\"@id\":\"https:\/\/northius.com\/pt\/noticias\/northius-atribui-20-bolsas-de-formacao-a-beneficiarios-da-associacao-espanhola-contra-o-cancro\/#primaryimage\",\"url\":\"https:\/\/northius.com\/wp-content\/uploads\/2023\/03\/NORTHIUS-FOTO_LINKEDIN-1.png\",\"contentUrl\":\"https:\/\/northius.com\/wp-content\/uploads\/2023\/03\/NORTHIUS-FOTO_LINKEDIN-1.png\",\"width\":2500,\"height\":1309},{\"@type\":\"BreadcrumbList\",\"@id\":\"https:\/\/northius.com\/pt\/noticias\/northius-atribui-20-bolsas-de-formacao-a-beneficiarios-da-associacao-espanhola-contra-o-cancro\/#breadcrumb\",\"itemListElement\":[{\"@type\":\"ListItem\",\"position\":1,\"name\":\"Inicio\",\"item\":\"https:\/\/northius.com\/pt\/\"},{\"@type\":\"ListItem\",\"position\":2,\"name\":\"Northius atribui 20 bolsas de forma\u00e7\u00e3o a benefici\u00e1rios da Associa\u00e7\u00e3o Espanhola contra o Cancro\"}]},{\"@type\":\"WebSite\",\"@id\":\"https:\/\/northius.com\/pt\/#website\",\"url\":\"https:\/\/northius.com\/pt\/\",\"name\":\"Northius\",\"description\":\"El grupo educativo de formaci\u00f3n especializada\",\"publisher\":{\"@id\":\"https:\/\/northius.com\/pt\/#organization\"},\"potentialAction\":[{\"@type\":\"SearchAction\",\"target\":{\"@type\":\"EntryPoint\",\"urlTemplate\":\"https:\/\/northius.com\/pt\/?s={search_term_string}\"},\"query-input\":{\"@type\":\"PropertyValueSpecification\",\"valueRequired\":true,\"valueName\":\"search_term_string\"}}],\"inLanguage\":\"pt-P\"},{\"@type\":\"Organization\",\"@id\":\"https:\/\/northius.com\/pt\/#organization\",\"name\":\"Northius\",\"url\":\"https:\/\/northius.com\/pt\/\",\"logo\":{\"@type\":\"ImageObject\",\"inLanguage\":\"pt-P\",\"@id\":\"https:\/\/northius.com\/pt\/#\/schema\/logo\/image\/\",\"url\":\"https:\/\/northius.com\/wp-content\/uploads\/2022\/05\/logo.svg\",\"contentUrl\":\"https:\/\/northius.com\/wp-content\/uploads\/2022\/05\/logo.svg\",\"width\":196,\"height\":36,\"caption\":\"Northius\"},\"image\":{\"@id\":\"https:\/\/northius.com\/pt\/#\/schema\/logo\/image\/\"}},{\"@type\":\"Person\",\"@id\":\"https:\/\/northius.com\/pt\/#\/schema\/person\/1e51e8d6584f535c6388b3ea146afdfb\",\"name\":\"esgalla esgalla\",\"image\":{\"@type\":\"ImageObject\",\"inLanguage\":\"pt-P\",\"@id\":\"https:\/\/northius.com\/pt\/#\/schema\/person\/image\/\",\"url\":\"https:\/\/secure.gravatar.com\/avatar\/16a1fd4ef08b5da8cee27aa9c2916409bd90faa3576b0302ee722f539fbc46cd?s=96&d=mm&r=g\",\"contentUrl\":\"https:\/\/secure.gravatar.com\/avatar\/16a1fd4ef08b5da8cee27aa9c2916409bd90faa3576b0302ee722f539fbc46cd?s=96&d=mm&r=g\",\"caption\":\"esgalla esgalla\"}}]}<\/script>\n<!-- \/ Yoast SEO plugin. -->","yoast_head_json":{"title":"Northius atribui 20 bolsas de forma\u00e7\u00e3o a benefici\u00e1rios da Associa\u00e7\u00e3o Espanhola contra o Cancro - Northius","description":"A empresa galega, atrav\u00e9s do seu programa de bolsas de forma\u00e7\u00e3o, assinou um acordo com a associa\u00e7\u00e3o, comprometendo-se a apoiar a forma\u00e7\u00e3o de pacientes e cuidadores afetados por esta doen\u00e7a.","robots":{"index":"index","follow":"follow","max-snippet":"max-snippet:-1","max-image-preview":"max-image-preview:large","max-video-preview":"max-video-preview:-1"},"canonical":"https:\/\/northius.com\/pt\/noticias\/northius-atribui-20-bolsas-de-formacao-a-beneficiarios-da-associacao-espanhola-contra-o-cancro\/","og_locale":"pt_PT","og_type":"article","og_title":"Northius atribui 20 bolsas de forma\u00e7\u00e3o a benefici\u00e1rios da Associa\u00e7\u00e3o Espanhola contra o Cancro - Northius","og_description":"A empresa galega, atrav\u00e9s do seu programa de bolsas de forma\u00e7\u00e3o, assinou um acordo com a associa\u00e7\u00e3o, comprometendo-se a apoiar a forma\u00e7\u00e3o de pacientes e cuidadores afetados por esta doen\u00e7a.","og_url":"https:\/\/northius.com\/pt\/noticias\/northius-atribui-20-bolsas-de-formacao-a-beneficiarios-da-associacao-espanhola-contra-o-cancro\/","og_site_name":"Northius","article_published_time":"2023-03-15T09:27:20+00:00","article_modified_time":"2023-06-30T09:07:57+00:00","og_image":[{"width":2500,"height":1309,"url":"https:\/\/northius.com\/wp-content\/uploads\/2023\/03\/NORTHIUS-FOTO_LINKEDIN-1.png","type":"image\/png"}],"author":"esgalla esgalla","twitter_card":"summary_large_image","twitter_misc":{"Written by":"esgalla esgalla","Est. reading time":"2 minutes"},"schema":{"@context":"https:\/\/schema.org","@graph":[{"@type":"Article","@id":"https:\/\/northius.com\/pt\/noticias\/northius-atribui-20-bolsas-de-formacao-a-beneficiarios-da-associacao-espanhola-contra-o-cancro\/#article","isPartOf":{"@id":"https:\/\/northius.com\/pt\/noticias\/northius-atribui-20-bolsas-de-formacao-a-beneficiarios-da-associacao-espanhola-contra-o-cancro\/"},"author":{"name":"esgalla esgalla","@id":"https:\/\/northius.com\/pt\/#\/schema\/person\/1e51e8d6584f535c6388b3ea146afdfb"},"headline":"Northius atribui 20 bolsas de forma\u00e7\u00e3o a benefici\u00e1rios da Associa\u00e7\u00e3o Espanhola contra o Cancro","datePublished":"2023-03-15T09:27:20+00:00","dateModified":"2023-06-30T09:07:57+00:00","mainEntityOfPage":{"@id":"https:\/\/northius.com\/pt\/noticias\/northius-atribui-20-bolsas-de-formacao-a-beneficiarios-da-associacao-espanhola-contra-o-cancro\/"},"wordCount":460,"commentCount":0,"publisher":{"@id":"https:\/\/northius.com\/pt\/#organization"},"image":{"@id":"https:\/\/northius.com\/pt\/noticias\/northius-atribui-20-bolsas-de-formacao-a-beneficiarios-da-associacao-espanhola-contra-o-cancro\/#primaryimage"},"thumbnailUrl":"https:\/\/northius.com\/wp-content\/uploads\/2023\/03\/NORTHIUS-FOTO_LINKEDIN-1.png","articleSection":["Not\u00edcias"],"inLanguage":"pt-P","potentialAction":[{"@type":"CommentAction","name":"Comment","target":["https:\/\/northius.com\/pt\/noticias\/northius-atribui-20-bolsas-de-formacao-a-beneficiarios-da-associacao-espanhola-contra-o-cancro\/#respond"]}]},{"@type":"WebPage","@id":"https:\/\/northius.com\/pt\/noticias\/northius-atribui-20-bolsas-de-formacao-a-beneficiarios-da-associacao-espanhola-contra-o-cancro\/","url":"https:\/\/northius.com\/pt\/noticias\/northius-atribui-20-bolsas-de-formacao-a-beneficiarios-da-associacao-espanhola-contra-o-cancro\/","name":"Northius atribui 20 bolsas de forma\u00e7\u00e3o a benefici\u00e1rios da Associa\u00e7\u00e3o Espanhola contra o Cancro - Northius","isPartOf":{"@id":"https:\/\/northius.com\/pt\/#website"},"primaryImageOfPage":{"@id":"https:\/\/northius.com\/pt\/noticias\/northius-atribui-20-bolsas-de-formacao-a-beneficiarios-da-associacao-espanhola-contra-o-cancro\/#primaryimage"},"image":{"@id":"https:\/\/northius.com\/pt\/noticias\/northius-atribui-20-bolsas-de-formacao-a-beneficiarios-da-associacao-espanhola-contra-o-cancro\/#primaryimage"},"thumbnailUrl":"https:\/\/northius.com\/wp-content\/uploads\/2023\/03\/NORTHIUS-FOTO_LINKEDIN-1.png","datePublished":"2023-03-15T09:27:20+00:00","dateModified":"2023-06-30T09:07:57+00:00","description":"A empresa galega, atrav\u00e9s do seu programa de bolsas de forma\u00e7\u00e3o, assinou um acordo com a associa\u00e7\u00e3o, comprometendo-se a apoiar a forma\u00e7\u00e3o de pacientes e cuidadores afetados por esta doen\u00e7a.","breadcrumb":{"@id":"https:\/\/northius.com\/pt\/noticias\/northius-atribui-20-bolsas-de-formacao-a-beneficiarios-da-associacao-espanhola-contra-o-cancro\/#breadcrumb"},"inLanguage":"pt-P","potentialAction":[{"@type":"ReadAction","target":["https:\/\/northius.com\/pt\/noticias\/northius-atribui-20-bolsas-de-formacao-a-beneficiarios-da-associacao-espanhola-contra-o-cancro\/"]}]},{"@type":"ImageObject","inLanguage":"pt-P","@id":"https:\/\/northius.com\/pt\/noticias\/northius-atribui-20-bolsas-de-formacao-a-beneficiarios-da-associacao-espanhola-contra-o-cancro\/#primaryimage","url":"https:\/\/northius.com\/wp-content\/uploads\/2023\/03\/NORTHIUS-FOTO_LINKEDIN-1.png","contentUrl":"https:\/\/northius.com\/wp-content\/uploads\/2023\/03\/NORTHIUS-FOTO_LINKEDIN-1.png","width":2500,"height":1309},{"@type":"BreadcrumbList","@id":"https:\/\/northius.com\/pt\/noticias\/northius-atribui-20-bolsas-de-formacao-a-beneficiarios-da-associacao-espanhola-contra-o-cancro\/#breadcrumb","itemListElement":[{"@type":"ListItem","position":1,"name":"Inicio","item":"https:\/\/northius.com\/pt\/"},{"@type":"ListItem","position":2,"name":"Northius atribui 20 bolsas de forma\u00e7\u00e3o a benefici\u00e1rios da Associa\u00e7\u00e3o Espanhola contra o Cancro"}]},{"@type":"WebSite","@id":"https:\/\/northius.com\/pt\/#website","url":"https:\/\/northius.com\/pt\/","name":"Northius","description":"El grupo educativo de formaci\u00f3n especializada","publisher":{"@id":"https:\/\/northius.com\/pt\/#organization"},"potentialAction":[{"@type":"SearchAction","target":{"@type":"EntryPoint","urlTemplate":"https:\/\/northius.com\/pt\/?s={search_term_string}"},"query-input":{"@type":"PropertyValueSpecification","valueRequired":true,"valueName":"search_term_string"}}],"inLanguage":"pt-P"},{"@type":"Organization","@id":"https:\/\/northius.com\/pt\/#organization","name":"Northius","url":"https:\/\/northius.com\/pt\/","logo":{"@type":"ImageObject","inLanguage":"pt-P","@id":"https:\/\/northius.com\/pt\/#\/schema\/logo\/image\/","url":"https:\/\/northius.com\/wp-content\/uploads\/2022\/05\/logo.svg","contentUrl":"https:\/\/northius.com\/wp-content\/uploads\/2022\/05\/logo.svg","width":196,"height":36,"caption":"Northius"},"image":{"@id":"https:\/\/northius.com\/pt\/#\/schema\/logo\/image\/"}},{"@type":"Person","@id":"https:\/\/northius.com\/pt\/#\/schema\/person\/1e51e8d6584f535c6388b3ea146afdfb","name":"esgalla esgalla","image":{"@type":"ImageObject","inLanguage":"pt-P","@id":"https:\/\/northius.com\/pt\/#\/schema\/person\/image\/","url":"https:\/\/secure.gravatar.com\/avatar\/16a1fd4ef08b5da8cee27aa9c2916409bd90faa3576b0302ee722f539fbc46cd?s=96&d=mm&r=g","contentUrl":"https:\/\/secure.gravatar.com\/avatar\/16a1fd4ef08b5da8cee27aa9c2916409bd90faa3576b0302ee722f539fbc46cd?s=96&d=mm&r=g","caption":"esgalla esgalla"}}]}},"_links":{"self":[{"href":"https:\/\/northius.com\/pt\/wp-json\/wp\/v2\/posts\/6880","targetHints":{"allow":["GET"]}}],"collection":[{"href":"https:\/\/northius.com\/pt\/wp-json\/wp\/v2\/posts"}],"about":[{"href":"https:\/\/northius.com\/pt\/wp-json\/wp\/v2\/types\/post"}],"author":[{"embeddable":true,"href":"https:\/\/northius.com\/pt\/wp-json\/wp\/v2\/users\/5"}],"replies":[{"embeddable":true,"href":"https:\/\/northius.com\/pt\/wp-json\/wp\/v2\/comments?post=6880"}],"version-history":[{"count":1,"href":"https:\/\/northius.com\/pt\/wp-json\/wp\/v2\/posts\/6880\/revisions"}],"predecessor-version":[{"id":6884,"href":"https:\/\/northius.com\/pt\/wp-json\/wp\/v2\/posts\/6880\/revisions\/6884"}],"wp:featuredmedia":[{"embeddable":true,"href":"https:\/\/northius.com\/pt\/wp-json\/wp\/v2\/media\/6881"}],"wp:attachment":[{"href":"https:\/\/northius.com\/pt\/wp-json\/wp\/v2\/media?parent=6880"}],"wp:term":[{"taxonomy":"category","embeddable":true,"href":"https:\/\/northius.com\/pt\/wp-json\/wp\/v2\/categories?post=6880"},{"taxonomy":"post_tag","embeddable":true,"href":"https:\/\/northius.com\/pt\/wp-json\/wp\/v2\/tags?post=6880"}],"curies":[{"name":"wp","href":"https:\/\/api.w.org\/{rel}","templated":true}]}}