{"id":6878,"date":"2023-03-27T09:33:40","date_gmt":"2023-03-27T09:33:40","guid":{"rendered":"https:\/\/northius.com\/northius-participa-na-feira-young-talent\/"},"modified":"2023-06-30T09:07:43","modified_gmt":"2023-06-30T09:07:43","slug":"northius-participa-na-feira-young-talent","status":"publish","type":"post","link":"https:\/\/northius.com\/pt\/noticias\/northius-participa-na-feira-young-talent\/","title":{"rendered":"Northius participa na feira Young Talent"},"content":{"rendered":"<ul>\n<li>O grupo empresarial, sediado em A Corunha e com mais de 1000 funcion\u00e1rios, com presen\u00e7a nos mercados de Espanha, Europa e Am\u00e9rica do Sul, participar\u00e1 na feira de emprego que ocorrer\u00e1 esta semana.<\/li>\n<\/ul>\n<p>&nbsp;<\/p>\n<p>A Northius, um grupo l\u00edder em forma\u00e7\u00e3o em Espanha e sediado na Galiza, vai participar esta semana na feira de emprego Young Talent, organizada pela EF Business School e pela Funda\u00e7\u00e3o Venancio Salcines nos dias 29 e 30 de mar\u00e7o. O objetivo da participa\u00e7\u00e3o da Northius \u00e9 encontrar talentos \u00e0 procura de oportunidades de emprego e crescimento profissional.<\/p>\n<p>&#8220;A Northius est\u00e1 sempre \u00e0 procura de novos profissionais para enriquecer a nossa equipa, pois somos uma empresa em constante crescimento&#8221;, explicou Patricia Acedo, respons\u00e1vel pelos Recursos Humanos da Northius. &#8220;Eventos como o Young Talent permitem-nos identificar perfis que possam ser interessantes para n\u00f3s e continuar a dar a conhecer a nossa empresa no mercado de trabalho.&#8221;<\/p>\n<p>Assim, a empresa corunhesa juntar-se-\u00e1 a mais de 50 empresas que se reunir\u00e3o nos dias 29 e 30 de mar\u00e7o para conhecer profissionais de diferentes \u00e1reas, como finan\u00e7as, recursos humanos, com\u00e9rcio internacional, log\u00edstica, marketing, produ\u00e7\u00e3o, contabilidade, entre outras.<\/p>\n<p>Nas \u00faltimas semanas, a Northius participou em v\u00e1rias feiras de emprego na cidade, incluindo a organizada pela IFFE Business School e o evento Recruiting Hell da EBF. Estas iniciativas est\u00e3o alinhadas com a miss\u00e3o da empresa, que se concentra em ajudar as pessoas a alcan\u00e7ar os seus objetivos profissionais, promovendo os valores de honestidade, profissionalismo e entusiasmo.<\/p>\n<p>&nbsp;<\/p>\n<h2>Sobre a Northius<\/h2>\n<p>We are the result of a successful partnership of experienced educational institutions that share the same objective: the training and development of future professionals. Our aim is to impact society through quality training. We currently have 65,000 active students and more than 35,000 new enrolments yearly.<\/p>\n<p>The group has more than 40 educational centers throughout the Iberian Peninsula. It also has a significant presence in other European countries (Belgium, Denmark, England, Ireland and the Netherlands) and Latin America (Argentina, Colombia, Costa Rica, Chile, Ecuador, Mexico, Peru, Panama, Uruguay, Dominican Republic and Puerto Rico).<\/p>\n<p>Northius is made up of 12 educational institutions: CEAC, Unisport, Deusto Formaci\u00f3n, Deusto Salud, Campus Training, CEMP, Mint, Tokio School, Treintaycincomm, Nubika, Flou and CEAC FP.<\/p>\n<p>&nbsp;<\/p>\n<p>&nbsp;<\/p>\n","protected":false},"excerpt":{"rendered":"<p>O grupo empresarial, sediado em A Corunha e com mais de 1000 funcion\u00e1rios, com presen\u00e7a nos mercados de Espanha, Europa e Am\u00e9rica do Sul, participar\u00e1 na feira de emprego que ocorrer\u00e1 esta semana. &nbsp; A Northius, um grupo l\u00edder em forma\u00e7\u00e3o em Espanha e sediado na Galiza, vai participar esta semana na feira de emprego [&hellip;]<\/p>\n","protected":false},"author":5,"featured_media":0,"comment_status":"open","ping_status":"open","sticky":false,"template":"","format":"standard","meta":{"_acf_changed":false,"inline_featured_image":false,"footnotes":""},"categories":[70],"tags":[],"class_list":["post-6878","post","type-post","status-publish","format-standard","hentry","category-noticias-pt"],"acf":[],"yoast_head":"<!-- This site is optimized with the Yoast SEO plugin v26.2 - https:\/\/yoast.com\/wordpress\/plugins\/seo\/ -->\n<title>Northius participa na feira Young Talent<\/title>\n<meta name=\"description\" content=\"O grupo empresarial, sediado em A Corunha e com mais de 1000 funcion\u00e1rios, com presen\u00e7a nos mercados de Espanha, Europa e Am\u00e9rica do Sul, participar\u00e1 na feira de emprego que ocorrer\u00e1 esta semana.\" \/>\n<meta name=\"robots\" content=\"index, follow, max-snippet:-1, max-image-preview:large, max-video-preview:-1\" \/>\n<link rel=\"canonical\" href=\"https:\/\/northius.com\/pt\/noticias\/northius-participa-na-feira-young-talent\/\" \/>\n<meta property=\"og:locale\" content=\"pt_PT\" \/>\n<meta property=\"og:type\" content=\"article\" \/>\n<meta property=\"og:title\" content=\"Northius participa na feira Young Talent\" \/>\n<meta property=\"og:description\" content=\"O grupo empresarial, sediado em A Corunha e com mais de 1000 funcion\u00e1rios, com presen\u00e7a nos mercados de Espanha, Europa e Am\u00e9rica do Sul, participar\u00e1 na feira de emprego que ocorrer\u00e1 esta semana.\" \/>\n<meta property=\"og:url\" content=\"https:\/\/northius.com\/pt\/noticias\/northius-participa-na-feira-young-talent\/\" \/>\n<meta property=\"og:site_name\" content=\"Northius\" \/>\n<meta property=\"article:published_time\" content=\"2023-03-27T09:33:40+00:00\" \/>\n<meta property=\"article:modified_time\" content=\"2023-06-30T09:07:43+00:00\" \/>\n<meta name=\"author\" content=\"esgalla esgalla\" \/>\n<meta name=\"twitter:card\" content=\"summary_large_image\" \/>\n<meta name=\"twitter:label1\" content=\"Written by\" \/>\n\t<meta name=\"twitter:data1\" content=\"esgalla esgalla\" \/>\n\t<meta name=\"twitter:label2\" content=\"Est. reading time\" \/>\n\t<meta name=\"twitter:data2\" content=\"2 minutes\" \/>\n<script type=\"application\/ld+json\" class=\"yoast-schema-graph\">{\"@context\":\"https:\/\/schema.org\",\"@graph\":[{\"@type\":\"Article\",\"@id\":\"https:\/\/northius.com\/pt\/noticias\/northius-participa-na-feira-young-talent\/#article\",\"isPartOf\":{\"@id\":\"https:\/\/northius.com\/pt\/noticias\/northius-participa-na-feira-young-talent\/\"},\"author\":{\"name\":\"esgalla esgalla\",\"@id\":\"https:\/\/northius.com\/pt\/#\/schema\/person\/1e51e8d6584f535c6388b3ea146afdfb\"},\"headline\":\"Northius participa na feira Young Talent\",\"datePublished\":\"2023-03-27T09:33:40+00:00\",\"dateModified\":\"2023-06-30T09:07:43+00:00\",\"mainEntityOfPage\":{\"@id\":\"https:\/\/northius.com\/pt\/noticias\/northius-participa-na-feira-young-talent\/\"},\"wordCount\":383,\"commentCount\":0,\"publisher\":{\"@id\":\"https:\/\/northius.com\/pt\/#organization\"},\"articleSection\":[\"Not\u00edcias\"],\"inLanguage\":\"pt-P\",\"potentialAction\":[{\"@type\":\"CommentAction\",\"name\":\"Comment\",\"target\":[\"https:\/\/northius.com\/pt\/noticias\/northius-participa-na-feira-young-talent\/#respond\"]}]},{\"@type\":\"WebPage\",\"@id\":\"https:\/\/northius.com\/pt\/noticias\/northius-participa-na-feira-young-talent\/\",\"url\":\"https:\/\/northius.com\/pt\/noticias\/northius-participa-na-feira-young-talent\/\",\"name\":\"Northius participa na feira Young Talent\",\"isPartOf\":{\"@id\":\"https:\/\/northius.com\/pt\/#website\"},\"datePublished\":\"2023-03-27T09:33:40+00:00\",\"dateModified\":\"2023-06-30T09:07:43+00:00\",\"description\":\"O grupo empresarial, sediado em A Corunha e com mais de 1000 funcion\u00e1rios, com presen\u00e7a nos mercados de Espanha, Europa e Am\u00e9rica do Sul, participar\u00e1 na feira de emprego que ocorrer\u00e1 esta semana.\",\"breadcrumb\":{\"@id\":\"https:\/\/northius.com\/pt\/noticias\/northius-participa-na-feira-young-talent\/#breadcrumb\"},\"inLanguage\":\"pt-P\",\"potentialAction\":[{\"@type\":\"ReadAction\",\"target\":[\"https:\/\/northius.com\/pt\/noticias\/northius-participa-na-feira-young-talent\/\"]}]},{\"@type\":\"BreadcrumbList\",\"@id\":\"https:\/\/northius.com\/pt\/noticias\/northius-participa-na-feira-young-talent\/#breadcrumb\",\"itemListElement\":[{\"@type\":\"ListItem\",\"position\":1,\"name\":\"Inicio\",\"item\":\"https:\/\/northius.com\/pt\/\"},{\"@type\":\"ListItem\",\"position\":2,\"name\":\"Northius participa na feira Young Talent\"}]},{\"@type\":\"WebSite\",\"@id\":\"https:\/\/northius.com\/pt\/#website\",\"url\":\"https:\/\/northius.com\/pt\/\",\"name\":\"Northius\",\"description\":\"El grupo educativo de formaci\u00f3n especializada\",\"publisher\":{\"@id\":\"https:\/\/northius.com\/pt\/#organization\"},\"potentialAction\":[{\"@type\":\"SearchAction\",\"target\":{\"@type\":\"EntryPoint\",\"urlTemplate\":\"https:\/\/northius.com\/pt\/?s={search_term_string}\"},\"query-input\":{\"@type\":\"PropertyValueSpecification\",\"valueRequired\":true,\"valueName\":\"search_term_string\"}}],\"inLanguage\":\"pt-P\"},{\"@type\":\"Organization\",\"@id\":\"https:\/\/northius.com\/pt\/#organization\",\"name\":\"Northius\",\"url\":\"https:\/\/northius.com\/pt\/\",\"logo\":{\"@type\":\"ImageObject\",\"inLanguage\":\"pt-P\",\"@id\":\"https:\/\/northius.com\/pt\/#\/schema\/logo\/image\/\",\"url\":\"https:\/\/northius.com\/wp-content\/uploads\/2022\/05\/logo.svg\",\"contentUrl\":\"https:\/\/northius.com\/wp-content\/uploads\/2022\/05\/logo.svg\",\"width\":196,\"height\":36,\"caption\":\"Northius\"},\"image\":{\"@id\":\"https:\/\/northius.com\/pt\/#\/schema\/logo\/image\/\"}},{\"@type\":\"Person\",\"@id\":\"https:\/\/northius.com\/pt\/#\/schema\/person\/1e51e8d6584f535c6388b3ea146afdfb\",\"name\":\"esgalla esgalla\",\"image\":{\"@type\":\"ImageObject\",\"inLanguage\":\"pt-P\",\"@id\":\"https:\/\/northius.com\/pt\/#\/schema\/person\/image\/\",\"url\":\"https:\/\/secure.gravatar.com\/avatar\/16a1fd4ef08b5da8cee27aa9c2916409bd90faa3576b0302ee722f539fbc46cd?s=96&d=mm&r=g\",\"contentUrl\":\"https:\/\/secure.gravatar.com\/avatar\/16a1fd4ef08b5da8cee27aa9c2916409bd90faa3576b0302ee722f539fbc46cd?s=96&d=mm&r=g\",\"caption\":\"esgalla esgalla\"}}]}<\/script>\n<!-- \/ Yoast SEO plugin. -->","yoast_head_json":{"title":"Northius participa na feira Young Talent","description":"O grupo empresarial, sediado em A Corunha e com mais de 1000 funcion\u00e1rios, com presen\u00e7a nos mercados de Espanha, Europa e Am\u00e9rica do Sul, participar\u00e1 na feira de emprego que ocorrer\u00e1 esta semana.","robots":{"index":"index","follow":"follow","max-snippet":"max-snippet:-1","max-image-preview":"max-image-preview:large","max-video-preview":"max-video-preview:-1"},"canonical":"https:\/\/northius.com\/pt\/noticias\/northius-participa-na-feira-young-talent\/","og_locale":"pt_PT","og_type":"article","og_title":"Northius participa na feira Young Talent","og_description":"O grupo empresarial, sediado em A Corunha e com mais de 1000 funcion\u00e1rios, com presen\u00e7a nos mercados de Espanha, Europa e Am\u00e9rica do Sul, participar\u00e1 na feira de emprego que ocorrer\u00e1 esta semana.","og_url":"https:\/\/northius.com\/pt\/noticias\/northius-participa-na-feira-young-talent\/","og_site_name":"Northius","article_published_time":"2023-03-27T09:33:40+00:00","article_modified_time":"2023-06-30T09:07:43+00:00","author":"esgalla esgalla","twitter_card":"summary_large_image","twitter_misc":{"Written by":"esgalla esgalla","Est. reading time":"2 minutes"},"schema":{"@context":"https:\/\/schema.org","@graph":[{"@type":"Article","@id":"https:\/\/northius.com\/pt\/noticias\/northius-participa-na-feira-young-talent\/#article","isPartOf":{"@id":"https:\/\/northius.com\/pt\/noticias\/northius-participa-na-feira-young-talent\/"},"author":{"name":"esgalla esgalla","@id":"https:\/\/northius.com\/pt\/#\/schema\/person\/1e51e8d6584f535c6388b3ea146afdfb"},"headline":"Northius participa na feira Young Talent","datePublished":"2023-03-27T09:33:40+00:00","dateModified":"2023-06-30T09:07:43+00:00","mainEntityOfPage":{"@id":"https:\/\/northius.com\/pt\/noticias\/northius-participa-na-feira-young-talent\/"},"wordCount":383,"commentCount":0,"publisher":{"@id":"https:\/\/northius.com\/pt\/#organization"},"articleSection":["Not\u00edcias"],"inLanguage":"pt-P","potentialAction":[{"@type":"CommentAction","name":"Comment","target":["https:\/\/northius.com\/pt\/noticias\/northius-participa-na-feira-young-talent\/#respond"]}]},{"@type":"WebPage","@id":"https:\/\/northius.com\/pt\/noticias\/northius-participa-na-feira-young-talent\/","url":"https:\/\/northius.com\/pt\/noticias\/northius-participa-na-feira-young-talent\/","name":"Northius participa na feira Young Talent","isPartOf":{"@id":"https:\/\/northius.com\/pt\/#website"},"datePublished":"2023-03-27T09:33:40+00:00","dateModified":"2023-06-30T09:07:43+00:00","description":"O grupo empresarial, sediado em A Corunha e com mais de 1000 funcion\u00e1rios, com presen\u00e7a nos mercados de Espanha, Europa e Am\u00e9rica do Sul, participar\u00e1 na feira de emprego que ocorrer\u00e1 esta semana.","breadcrumb":{"@id":"https:\/\/northius.com\/pt\/noticias\/northius-participa-na-feira-young-talent\/#breadcrumb"},"inLanguage":"pt-P","potentialAction":[{"@type":"ReadAction","target":["https:\/\/northius.com\/pt\/noticias\/northius-participa-na-feira-young-talent\/"]}]},{"@type":"BreadcrumbList","@id":"https:\/\/northius.com\/pt\/noticias\/northius-participa-na-feira-young-talent\/#breadcrumb","itemListElement":[{"@type":"ListItem","position":1,"name":"Inicio","item":"https:\/\/northius.com\/pt\/"},{"@type":"ListItem","position":2,"name":"Northius participa na feira Young Talent"}]},{"@type":"WebSite","@id":"https:\/\/northius.com\/pt\/#website","url":"https:\/\/northius.com\/pt\/","name":"Northius","description":"El grupo educativo de formaci\u00f3n especializada","publisher":{"@id":"https:\/\/northius.com\/pt\/#organization"},"potentialAction":[{"@type":"SearchAction","target":{"@type":"EntryPoint","urlTemplate":"https:\/\/northius.com\/pt\/?s={search_term_string}"},"query-input":{"@type":"PropertyValueSpecification","valueRequired":true,"valueName":"search_term_string"}}],"inLanguage":"pt-P"},{"@type":"Organization","@id":"https:\/\/northius.com\/pt\/#organization","name":"Northius","url":"https:\/\/northius.com\/pt\/","logo":{"@type":"ImageObject","inLanguage":"pt-P","@id":"https:\/\/northius.com\/pt\/#\/schema\/logo\/image\/","url":"https:\/\/northius.com\/wp-content\/uploads\/2022\/05\/logo.svg","contentUrl":"https:\/\/northius.com\/wp-content\/uploads\/2022\/05\/logo.svg","width":196,"height":36,"caption":"Northius"},"image":{"@id":"https:\/\/northius.com\/pt\/#\/schema\/logo\/image\/"}},{"@type":"Person","@id":"https:\/\/northius.com\/pt\/#\/schema\/person\/1e51e8d6584f535c6388b3ea146afdfb","name":"esgalla esgalla","image":{"@type":"ImageObject","inLanguage":"pt-P","@id":"https:\/\/northius.com\/pt\/#\/schema\/person\/image\/","url":"https:\/\/secure.gravatar.com\/avatar\/16a1fd4ef08b5da8cee27aa9c2916409bd90faa3576b0302ee722f539fbc46cd?s=96&d=mm&r=g","contentUrl":"https:\/\/secure.gravatar.com\/avatar\/16a1fd4ef08b5da8cee27aa9c2916409bd90faa3576b0302ee722f539fbc46cd?s=96&d=mm&r=g","caption":"esgalla esgalla"}}]}},"_links":{"self":[{"href":"https:\/\/northius.com\/pt\/wp-json\/wp\/v2\/posts\/6878","targetHints":{"allow":["GET"]}}],"collection":[{"href":"https:\/\/northius.com\/pt\/wp-json\/wp\/v2\/posts"}],"about":[{"href":"https:\/\/northius.com\/pt\/wp-json\/wp\/v2\/types\/post"}],"author":[{"embeddable":true,"href":"https:\/\/northius.com\/pt\/wp-json\/wp\/v2\/users\/5"}],"replies":[{"embeddable":true,"href":"https:\/\/northius.com\/pt\/wp-json\/wp\/v2\/comments?post=6878"}],"version-history":[{"count":1,"href":"https:\/\/northius.com\/pt\/wp-json\/wp\/v2\/posts\/6878\/revisions"}],"predecessor-version":[{"id":6972,"href":"https:\/\/northius.com\/pt\/wp-json\/wp\/v2\/posts\/6878\/revisions\/6972"}],"wp:attachment":[{"href":"https:\/\/northius.com\/pt\/wp-json\/wp\/v2\/media?parent=6878"}],"wp:term":[{"taxonomy":"category","embeddable":true,"href":"https:\/\/northius.com\/pt\/wp-json\/wp\/v2\/categories?post=6878"},{"taxonomy":"post_tag","embeddable":true,"href":"https:\/\/northius.com\/pt\/wp-json\/wp\/v2\/tags?post=6878"}],"curies":[{"name":"wp","href":"https:\/\/api.w.org\/{rel}","templated":true}]}}