{"id":6876,"date":"2023-05-26T08:21:38","date_gmt":"2023-05-26T08:21:38","guid":{"rendered":"https:\/\/northius.com\/fernando-aguilar-a-internacionalizacao-e-a-chave-para-o-crescimento-do-setor-edtech\/"},"modified":"2023-06-30T09:01:10","modified_gmt":"2023-06-30T09:01:10","slug":"fernando-aguilar-a-internacionalizacao-e-a-chave-para-o-crescimento-do-setor-edtech","status":"publish","type":"post","link":"https:\/\/northius.com\/pt\/noticias\/fernando-aguilar-a-internacionalizacao-e-a-chave-para-o-crescimento-do-setor-edtech\/","title":{"rendered":"Fernando Aguilar: &#8220;A internacionaliza\u00e7\u00e3o \u00e9 a chave para o crescimento do setor EdTech&#8221;"},"content":{"rendered":"<ul>\n<li>O respons\u00e1vel pela Expans\u00e3o Internacional da Northius aproveitou a sua apresenta\u00e7\u00e3o perante os alunos do Mestrado em Gest\u00e3o Internacional do Trinity College, que estavam em visita a A Corunha, para analisar os principais elementos do mercado internacional no crescimento do setor educativo.<\/li>\n<li>Num evento em que partilhou o microfone com representantes da Universidade da Corunha (UDC), Inditex, Estrella Galicia e Kibus, Fernando Aguilar salientou a import\u00e2ncia de compreender a globaliza\u00e7\u00e3o &#8220;como uma vantagem e uma oportunidade&#8221; no ambiente empresarial.<\/li>\n<\/ul>\n<p>&nbsp;<\/p>\n<p><img fetchpriority=\"high\" decoding=\"async\" class=\"aligncenter wp-image-6241\" src=\"https:\/\/northius.com\/wp-content\/uploads\/2023\/05\/DSC09814-Mejorado-NR.jpg\" alt=\"\" width=\"800\" height=\"450\" \/><\/p>\n<p>&nbsp;<\/p>\n<p>O setor da educa\u00e7\u00e3o privada est\u00e1 em ascens\u00e3o, n\u00e3o apenas em Espanha, mas tamb\u00e9m a n\u00edvel internacional. Cada vez mais empresas dedicadas \u00e0 educa\u00e7\u00e3o a dist\u00e2ncia procuram abrir caminho num mercado internacional em crescimento, que h\u00e1 anos tem vindo a exigir forma\u00e7\u00f5es verdadeiramente focadas no mercado de trabalho, juntamente com a flexibilidade necess\u00e1ria para as adaptar a cada novo aluno.<\/p>\n<p>Esta vis\u00e3o alargada do mercado educativo e as enormes possibilidades do setor EdTech foram os fundamentos principais da apresenta\u00e7\u00e3o de Fernando Aguilar aos alunos do Mestrado em Gest\u00e3o Internacional do Trinity College, durante a sua visita a A Corunha. Como respons\u00e1vel pela Expans\u00e3o Internacional da marca, com sede em A Corunha e presen\u00e7a em 18 pa\u00edses na Europa e na Am\u00e9rica Latina, Fernando Aguilar transmitiu uma mensagem clara: &#8220;O mercado global das EdTech tem vindo a expandir-se nos \u00faltimos anos. Dos cerca de 90 milh\u00f5es de d\u00f3lares em 2018, ultrapassou os 227 milh\u00f5es de neg\u00f3cio em 2022, e as perspetivas continuam em alta.&#8221;<\/p>\n<p>Neste contexto, a Northius consolidou a sua aposta em aplicar tecnologia a um setor em que tem mais de 10 anos de experi\u00eancia: o setor formativo. &#8220;Isso permite-nos ser mais competitivos, aproveitando todas as vantagens que esta globaliza\u00e7\u00e3o nos oferece, sem nunca perder de vista o objetivo principal: oferecer aos alunos forma\u00e7\u00f5es que os preparem verdadeiramente para o mercado de trabalho.&#8221;<\/p>\n<p>Para Aguilar, a internacionaliza\u00e7\u00e3o do setor n\u00e3o \u00e9 o futuro, mas sim o presente. &#8220;Assim como a aplica\u00e7\u00e3o e absor\u00e7\u00e3o de todas as tecnologias ao nosso alcance. H\u00e1 20 anos, seria impens\u00e1vel formar-se sem livros; hoje, \u00e9 impens\u00e1vel formar-se sem uma plataforma online de qualidade. E dentro de alguns anos, parecer\u00e1 fic\u00e7\u00e3o cient\u00edfica n\u00e3o contar com a complementa\u00e7\u00e3o da Intelig\u00eancia Artificial na nossa forma\u00e7\u00e3o. O que diferencia os projetos empresariais que abordam estas quest\u00f5es n\u00e3o \u00e9 se o fazem ou n\u00e3o, mas sim a capacidade de o fazerem de forma racional e pioneira. \u00c9 isso que os torna projetos vencedores.&#8221;<\/p>\n<p>A partir da perspetiva da Northius, conforme explicado pelo respons\u00e1vel pela Expans\u00e3o Internacional, esta estrat\u00e9gia \u00e9 a chave para o crescimento, desde que seja combinada com a personaliza\u00e7\u00e3o. &#8220;Para n\u00f3s, \u00e9 fundamental oferecer a cada aluno uma experi\u00eancia formativa personalizada, adaptada \u00e0s suas necessidades. A experi\u00eancia tem demonstrado que este \u00e9 o caminho a seguir.&#8221;<\/p>\n","protected":false},"excerpt":{"rendered":"<p>O respons\u00e1vel pela Expans\u00e3o Internacional da Northius aproveitou a sua apresenta\u00e7\u00e3o perante os alunos do Mestrado em Gest\u00e3o Internacional do Trinity College, que estavam em visita a A Corunha, para analisar os principais elementos do mercado internacional no crescimento do setor educativo. Num evento em que partilhou o microfone com representantes da Universidade da Corunha [&hellip;]<\/p>\n","protected":false},"author":17,"featured_media":6877,"comment_status":"open","ping_status":"open","sticky":false,"template":"","format":"standard","meta":{"_acf_changed":false,"inline_featured_image":false,"footnotes":""},"categories":[70],"tags":[],"class_list":["post-6876","post","type-post","status-publish","format-standard","has-post-thumbnail","hentry","category-noticias-pt"],"acf":[],"yoast_head":"<!-- This site is optimized with the Yoast SEO plugin v26.2 - https:\/\/yoast.com\/wordpress\/plugins\/seo\/ -->\n<title>Fernando Aguilar: &quot;A internacionaliza\u00e7\u00e3o \u00e9 a chave para o crescimento do setor EdTech&quot; - Northius<\/title>\n<meta name=\"robots\" content=\"index, follow, max-snippet:-1, max-image-preview:large, max-video-preview:-1\" \/>\n<link rel=\"canonical\" href=\"https:\/\/northius.com\/pt\/noticias\/fernando-aguilar-a-internacionalizacao-e-a-chave-para-o-crescimento-do-setor-edtech\/\" \/>\n<meta property=\"og:locale\" content=\"pt_PT\" \/>\n<meta property=\"og:type\" content=\"article\" \/>\n<meta property=\"og:title\" content=\"Fernando Aguilar: &quot;A internacionaliza\u00e7\u00e3o \u00e9 a chave para o crescimento do setor EdTech&quot; - Northius\" \/>\n<meta property=\"og:description\" content=\"O respons\u00e1vel pela Expans\u00e3o Internacional da Northius aproveitou a sua apresenta\u00e7\u00e3o perante os alunos do Mestrado em Gest\u00e3o Internacional do Trinity College, que estavam em visita a A Corunha, para analisar os principais elementos do mercado internacional no crescimento do setor educativo. Num evento em que partilhou o microfone com representantes da Universidade da Corunha [&hellip;]\" \/>\n<meta property=\"og:url\" content=\"https:\/\/northius.com\/pt\/noticias\/fernando-aguilar-a-internacionalizacao-e-a-chave-para-o-crescimento-do-setor-edtech\/\" \/>\n<meta property=\"og:site_name\" content=\"Northius\" \/>\n<meta property=\"article:published_time\" content=\"2023-05-26T08:21:38+00:00\" \/>\n<meta property=\"article:modified_time\" content=\"2023-06-30T09:01:10+00:00\" \/>\n<meta property=\"og:image\" content=\"https:\/\/northius.com\/wp-content\/uploads\/2023\/05\/DSC09814-Mejorado-NR.jpg\" \/>\n\t<meta property=\"og:image:width\" content=\"4240\" \/>\n\t<meta property=\"og:image:height\" content=\"2384\" \/>\n\t<meta property=\"og:image:type\" content=\"image\/jpeg\" \/>\n<meta name=\"author\" content=\"Lidia Bao\" \/>\n<meta name=\"twitter:card\" content=\"summary_large_image\" \/>\n<meta name=\"twitter:label1\" content=\"Written by\" \/>\n\t<meta name=\"twitter:data1\" content=\"Lidia Bao\" \/>\n\t<meta name=\"twitter:label2\" content=\"Est. reading time\" \/>\n\t<meta name=\"twitter:data2\" content=\"3 minutes\" \/>\n<script type=\"application\/ld+json\" class=\"yoast-schema-graph\">{\"@context\":\"https:\/\/schema.org\",\"@graph\":[{\"@type\":\"Article\",\"@id\":\"https:\/\/northius.com\/pt\/noticias\/fernando-aguilar-a-internacionalizacao-e-a-chave-para-o-crescimento-do-setor-edtech\/#article\",\"isPartOf\":{\"@id\":\"https:\/\/northius.com\/pt\/noticias\/fernando-aguilar-a-internacionalizacao-e-a-chave-para-o-crescimento-do-setor-edtech\/\"},\"author\":{\"name\":\"Lidia Bao\",\"@id\":\"https:\/\/northius.com\/pt\/#\/schema\/person\/823db6be1f97912c0c78d99f49e5b576\"},\"headline\":\"Fernando Aguilar: &#8220;A internacionaliza\u00e7\u00e3o \u00e9 a chave para o crescimento do setor EdTech&#8221;\",\"datePublished\":\"2023-05-26T08:21:38+00:00\",\"dateModified\":\"2023-06-30T09:01:10+00:00\",\"mainEntityOfPage\":{\"@id\":\"https:\/\/northius.com\/pt\/noticias\/fernando-aguilar-a-internacionalizacao-e-a-chave-para-o-crescimento-do-setor-edtech\/\"},\"wordCount\":510,\"commentCount\":0,\"publisher\":{\"@id\":\"https:\/\/northius.com\/pt\/#organization\"},\"image\":{\"@id\":\"https:\/\/northius.com\/pt\/noticias\/fernando-aguilar-a-internacionalizacao-e-a-chave-para-o-crescimento-do-setor-edtech\/#primaryimage\"},\"thumbnailUrl\":\"https:\/\/northius.com\/wp-content\/uploads\/2023\/05\/DSC09814-Mejorado-NR.jpg\",\"articleSection\":[\"Not\u00edcias\"],\"inLanguage\":\"pt-P\",\"potentialAction\":[{\"@type\":\"CommentAction\",\"name\":\"Comment\",\"target\":[\"https:\/\/northius.com\/pt\/noticias\/fernando-aguilar-a-internacionalizacao-e-a-chave-para-o-crescimento-do-setor-edtech\/#respond\"]}]},{\"@type\":\"WebPage\",\"@id\":\"https:\/\/northius.com\/pt\/noticias\/fernando-aguilar-a-internacionalizacao-e-a-chave-para-o-crescimento-do-setor-edtech\/\",\"url\":\"https:\/\/northius.com\/pt\/noticias\/fernando-aguilar-a-internacionalizacao-e-a-chave-para-o-crescimento-do-setor-edtech\/\",\"name\":\"Fernando Aguilar: \\\"A internacionaliza\u00e7\u00e3o \u00e9 a chave para o crescimento do setor EdTech\\\" - Northius\",\"isPartOf\":{\"@id\":\"https:\/\/northius.com\/pt\/#website\"},\"primaryImageOfPage\":{\"@id\":\"https:\/\/northius.com\/pt\/noticias\/fernando-aguilar-a-internacionalizacao-e-a-chave-para-o-crescimento-do-setor-edtech\/#primaryimage\"},\"image\":{\"@id\":\"https:\/\/northius.com\/pt\/noticias\/fernando-aguilar-a-internacionalizacao-e-a-chave-para-o-crescimento-do-setor-edtech\/#primaryimage\"},\"thumbnailUrl\":\"https:\/\/northius.com\/wp-content\/uploads\/2023\/05\/DSC09814-Mejorado-NR.jpg\",\"datePublished\":\"2023-05-26T08:21:38+00:00\",\"dateModified\":\"2023-06-30T09:01:10+00:00\",\"breadcrumb\":{\"@id\":\"https:\/\/northius.com\/pt\/noticias\/fernando-aguilar-a-internacionalizacao-e-a-chave-para-o-crescimento-do-setor-edtech\/#breadcrumb\"},\"inLanguage\":\"pt-P\",\"potentialAction\":[{\"@type\":\"ReadAction\",\"target\":[\"https:\/\/northius.com\/pt\/noticias\/fernando-aguilar-a-internacionalizacao-e-a-chave-para-o-crescimento-do-setor-edtech\/\"]}]},{\"@type\":\"ImageObject\",\"inLanguage\":\"pt-P\",\"@id\":\"https:\/\/northius.com\/pt\/noticias\/fernando-aguilar-a-internacionalizacao-e-a-chave-para-o-crescimento-do-setor-edtech\/#primaryimage\",\"url\":\"https:\/\/northius.com\/wp-content\/uploads\/2023\/05\/DSC09814-Mejorado-NR.jpg\",\"contentUrl\":\"https:\/\/northius.com\/wp-content\/uploads\/2023\/05\/DSC09814-Mejorado-NR.jpg\",\"width\":4240,\"height\":2384},{\"@type\":\"BreadcrumbList\",\"@id\":\"https:\/\/northius.com\/pt\/noticias\/fernando-aguilar-a-internacionalizacao-e-a-chave-para-o-crescimento-do-setor-edtech\/#breadcrumb\",\"itemListElement\":[{\"@type\":\"ListItem\",\"position\":1,\"name\":\"Inicio\",\"item\":\"https:\/\/northius.com\/pt\/\"},{\"@type\":\"ListItem\",\"position\":2,\"name\":\"Fernando Aguilar: &#8220;A internacionaliza\u00e7\u00e3o \u00e9 a chave para o crescimento do setor EdTech&#8221;\"}]},{\"@type\":\"WebSite\",\"@id\":\"https:\/\/northius.com\/pt\/#website\",\"url\":\"https:\/\/northius.com\/pt\/\",\"name\":\"Northius\",\"description\":\"El grupo educativo de formaci\u00f3n especializada\",\"publisher\":{\"@id\":\"https:\/\/northius.com\/pt\/#organization\"},\"potentialAction\":[{\"@type\":\"SearchAction\",\"target\":{\"@type\":\"EntryPoint\",\"urlTemplate\":\"https:\/\/northius.com\/pt\/?s={search_term_string}\"},\"query-input\":{\"@type\":\"PropertyValueSpecification\",\"valueRequired\":true,\"valueName\":\"search_term_string\"}}],\"inLanguage\":\"pt-P\"},{\"@type\":\"Organization\",\"@id\":\"https:\/\/northius.com\/pt\/#organization\",\"name\":\"Northius\",\"url\":\"https:\/\/northius.com\/pt\/\",\"logo\":{\"@type\":\"ImageObject\",\"inLanguage\":\"pt-P\",\"@id\":\"https:\/\/northius.com\/pt\/#\/schema\/logo\/image\/\",\"url\":\"https:\/\/northius.com\/wp-content\/uploads\/2022\/05\/logo.svg\",\"contentUrl\":\"https:\/\/northius.com\/wp-content\/uploads\/2022\/05\/logo.svg\",\"width\":196,\"height\":36,\"caption\":\"Northius\"},\"image\":{\"@id\":\"https:\/\/northius.com\/pt\/#\/schema\/logo\/image\/\"}},{\"@type\":\"Person\",\"@id\":\"https:\/\/northius.com\/pt\/#\/schema\/person\/823db6be1f97912c0c78d99f49e5b576\",\"name\":\"Lidia Bao\",\"image\":{\"@type\":\"ImageObject\",\"inLanguage\":\"pt-P\",\"@id\":\"https:\/\/northius.com\/pt\/#\/schema\/person\/image\/\",\"url\":\"https:\/\/secure.gravatar.com\/avatar\/90e34b9a15075d4024bba3881dee4d33e06d75940c921f5bc278c83a6a6e1d51?s=96&d=mm&r=g\",\"contentUrl\":\"https:\/\/secure.gravatar.com\/avatar\/90e34b9a15075d4024bba3881dee4d33e06d75940c921f5bc278c83a6a6e1d51?s=96&d=mm&r=g\",\"caption\":\"Lidia Bao\"}}]}<\/script>\n<!-- \/ Yoast SEO plugin. -->","yoast_head_json":{"title":"Fernando Aguilar: \"A internacionaliza\u00e7\u00e3o \u00e9 a chave para o crescimento do setor EdTech\" - Northius","robots":{"index":"index","follow":"follow","max-snippet":"max-snippet:-1","max-image-preview":"max-image-preview:large","max-video-preview":"max-video-preview:-1"},"canonical":"https:\/\/northius.com\/pt\/noticias\/fernando-aguilar-a-internacionalizacao-e-a-chave-para-o-crescimento-do-setor-edtech\/","og_locale":"pt_PT","og_type":"article","og_title":"Fernando Aguilar: \"A internacionaliza\u00e7\u00e3o \u00e9 a chave para o crescimento do setor EdTech\" - Northius","og_description":"O respons\u00e1vel pela Expans\u00e3o Internacional da Northius aproveitou a sua apresenta\u00e7\u00e3o perante os alunos do Mestrado em Gest\u00e3o Internacional do Trinity College, que estavam em visita a A Corunha, para analisar os principais elementos do mercado internacional no crescimento do setor educativo. Num evento em que partilhou o microfone com representantes da Universidade da Corunha [&hellip;]","og_url":"https:\/\/northius.com\/pt\/noticias\/fernando-aguilar-a-internacionalizacao-e-a-chave-para-o-crescimento-do-setor-edtech\/","og_site_name":"Northius","article_published_time":"2023-05-26T08:21:38+00:00","article_modified_time":"2023-06-30T09:01:10+00:00","og_image":[{"width":4240,"height":2384,"url":"https:\/\/northius.com\/wp-content\/uploads\/2023\/05\/DSC09814-Mejorado-NR.jpg","type":"image\/jpeg"}],"author":"Lidia Bao","twitter_card":"summary_large_image","twitter_misc":{"Written by":"Lidia Bao","Est. reading time":"3 minutes"},"schema":{"@context":"https:\/\/schema.org","@graph":[{"@type":"Article","@id":"https:\/\/northius.com\/pt\/noticias\/fernando-aguilar-a-internacionalizacao-e-a-chave-para-o-crescimento-do-setor-edtech\/#article","isPartOf":{"@id":"https:\/\/northius.com\/pt\/noticias\/fernando-aguilar-a-internacionalizacao-e-a-chave-para-o-crescimento-do-setor-edtech\/"},"author":{"name":"Lidia Bao","@id":"https:\/\/northius.com\/pt\/#\/schema\/person\/823db6be1f97912c0c78d99f49e5b576"},"headline":"Fernando Aguilar: &#8220;A internacionaliza\u00e7\u00e3o \u00e9 a chave para o crescimento do setor EdTech&#8221;","datePublished":"2023-05-26T08:21:38+00:00","dateModified":"2023-06-30T09:01:10+00:00","mainEntityOfPage":{"@id":"https:\/\/northius.com\/pt\/noticias\/fernando-aguilar-a-internacionalizacao-e-a-chave-para-o-crescimento-do-setor-edtech\/"},"wordCount":510,"commentCount":0,"publisher":{"@id":"https:\/\/northius.com\/pt\/#organization"},"image":{"@id":"https:\/\/northius.com\/pt\/noticias\/fernando-aguilar-a-internacionalizacao-e-a-chave-para-o-crescimento-do-setor-edtech\/#primaryimage"},"thumbnailUrl":"https:\/\/northius.com\/wp-content\/uploads\/2023\/05\/DSC09814-Mejorado-NR.jpg","articleSection":["Not\u00edcias"],"inLanguage":"pt-P","potentialAction":[{"@type":"CommentAction","name":"Comment","target":["https:\/\/northius.com\/pt\/noticias\/fernando-aguilar-a-internacionalizacao-e-a-chave-para-o-crescimento-do-setor-edtech\/#respond"]}]},{"@type":"WebPage","@id":"https:\/\/northius.com\/pt\/noticias\/fernando-aguilar-a-internacionalizacao-e-a-chave-para-o-crescimento-do-setor-edtech\/","url":"https:\/\/northius.com\/pt\/noticias\/fernando-aguilar-a-internacionalizacao-e-a-chave-para-o-crescimento-do-setor-edtech\/","name":"Fernando Aguilar: \"A internacionaliza\u00e7\u00e3o \u00e9 a chave para o crescimento do setor EdTech\" - Northius","isPartOf":{"@id":"https:\/\/northius.com\/pt\/#website"},"primaryImageOfPage":{"@id":"https:\/\/northius.com\/pt\/noticias\/fernando-aguilar-a-internacionalizacao-e-a-chave-para-o-crescimento-do-setor-edtech\/#primaryimage"},"image":{"@id":"https:\/\/northius.com\/pt\/noticias\/fernando-aguilar-a-internacionalizacao-e-a-chave-para-o-crescimento-do-setor-edtech\/#primaryimage"},"thumbnailUrl":"https:\/\/northius.com\/wp-content\/uploads\/2023\/05\/DSC09814-Mejorado-NR.jpg","datePublished":"2023-05-26T08:21:38+00:00","dateModified":"2023-06-30T09:01:10+00:00","breadcrumb":{"@id":"https:\/\/northius.com\/pt\/noticias\/fernando-aguilar-a-internacionalizacao-e-a-chave-para-o-crescimento-do-setor-edtech\/#breadcrumb"},"inLanguage":"pt-P","potentialAction":[{"@type":"ReadAction","target":["https:\/\/northius.com\/pt\/noticias\/fernando-aguilar-a-internacionalizacao-e-a-chave-para-o-crescimento-do-setor-edtech\/"]}]},{"@type":"ImageObject","inLanguage":"pt-P","@id":"https:\/\/northius.com\/pt\/noticias\/fernando-aguilar-a-internacionalizacao-e-a-chave-para-o-crescimento-do-setor-edtech\/#primaryimage","url":"https:\/\/northius.com\/wp-content\/uploads\/2023\/05\/DSC09814-Mejorado-NR.jpg","contentUrl":"https:\/\/northius.com\/wp-content\/uploads\/2023\/05\/DSC09814-Mejorado-NR.jpg","width":4240,"height":2384},{"@type":"BreadcrumbList","@id":"https:\/\/northius.com\/pt\/noticias\/fernando-aguilar-a-internacionalizacao-e-a-chave-para-o-crescimento-do-setor-edtech\/#breadcrumb","itemListElement":[{"@type":"ListItem","position":1,"name":"Inicio","item":"https:\/\/northius.com\/pt\/"},{"@type":"ListItem","position":2,"name":"Fernando Aguilar: &#8220;A internacionaliza\u00e7\u00e3o \u00e9 a chave para o crescimento do setor EdTech&#8221;"}]},{"@type":"WebSite","@id":"https:\/\/northius.com\/pt\/#website","url":"https:\/\/northius.com\/pt\/","name":"Northius","description":"El grupo educativo de formaci\u00f3n especializada","publisher":{"@id":"https:\/\/northius.com\/pt\/#organization"},"potentialAction":[{"@type":"SearchAction","target":{"@type":"EntryPoint","urlTemplate":"https:\/\/northius.com\/pt\/?s={search_term_string}"},"query-input":{"@type":"PropertyValueSpecification","valueRequired":true,"valueName":"search_term_string"}}],"inLanguage":"pt-P"},{"@type":"Organization","@id":"https:\/\/northius.com\/pt\/#organization","name":"Northius","url":"https:\/\/northius.com\/pt\/","logo":{"@type":"ImageObject","inLanguage":"pt-P","@id":"https:\/\/northius.com\/pt\/#\/schema\/logo\/image\/","url":"https:\/\/northius.com\/wp-content\/uploads\/2022\/05\/logo.svg","contentUrl":"https:\/\/northius.com\/wp-content\/uploads\/2022\/05\/logo.svg","width":196,"height":36,"caption":"Northius"},"image":{"@id":"https:\/\/northius.com\/pt\/#\/schema\/logo\/image\/"}},{"@type":"Person","@id":"https:\/\/northius.com\/pt\/#\/schema\/person\/823db6be1f97912c0c78d99f49e5b576","name":"Lidia Bao","image":{"@type":"ImageObject","inLanguage":"pt-P","@id":"https:\/\/northius.com\/pt\/#\/schema\/person\/image\/","url":"https:\/\/secure.gravatar.com\/avatar\/90e34b9a15075d4024bba3881dee4d33e06d75940c921f5bc278c83a6a6e1d51?s=96&d=mm&r=g","contentUrl":"https:\/\/secure.gravatar.com\/avatar\/90e34b9a15075d4024bba3881dee4d33e06d75940c921f5bc278c83a6a6e1d51?s=96&d=mm&r=g","caption":"Lidia Bao"}}]}},"_links":{"self":[{"href":"https:\/\/northius.com\/pt\/wp-json\/wp\/v2\/posts\/6876","targetHints":{"allow":["GET"]}}],"collection":[{"href":"https:\/\/northius.com\/pt\/wp-json\/wp\/v2\/posts"}],"about":[{"href":"https:\/\/northius.com\/pt\/wp-json\/wp\/v2\/types\/post"}],"author":[{"embeddable":true,"href":"https:\/\/northius.com\/pt\/wp-json\/wp\/v2\/users\/17"}],"replies":[{"embeddable":true,"href":"https:\/\/northius.com\/pt\/wp-json\/wp\/v2\/comments?post=6876"}],"version-history":[{"count":1,"href":"https:\/\/northius.com\/pt\/wp-json\/wp\/v2\/posts\/6876\/revisions"}],"predecessor-version":[{"id":6970,"href":"https:\/\/northius.com\/pt\/wp-json\/wp\/v2\/posts\/6876\/revisions\/6970"}],"wp:featuredmedia":[{"embeddable":true,"href":"https:\/\/northius.com\/pt\/wp-json\/wp\/v2\/media\/6877"}],"wp:attachment":[{"href":"https:\/\/northius.com\/pt\/wp-json\/wp\/v2\/media?parent=6876"}],"wp:term":[{"taxonomy":"category","embeddable":true,"href":"https:\/\/northius.com\/pt\/wp-json\/wp\/v2\/categories?post=6876"},{"taxonomy":"post_tag","embeddable":true,"href":"https:\/\/northius.com\/pt\/wp-json\/wp\/v2\/tags?post=6876"}],"curies":[{"name":"wp","href":"https:\/\/api.w.org\/{rel}","templated":true}]}}