{"id":6874,"date":"2023-04-14T08:20:26","date_gmt":"2023-04-14T08:20:26","guid":{"rendered":"https:\/\/northius.com\/susana-sanchez-a-implementacao-da-ia-nas-empresas-obrigara-a-reciclagem-dos-gestores\/"},"modified":"2023-06-30T09:07:05","modified_gmt":"2023-06-30T09:07:05","slug":"susana-sanchez-a-implementacao-da-ia-nas-empresas-obrigara-a-reciclagem-dos-gestores","status":"publish","type":"post","link":"https:\/\/northius.com\/pt\/noticias\/susana-sanchez-a-implementacao-da-ia-nas-empresas-obrigara-a-reciclagem-dos-gestores\/","title":{"rendered":"Susana S\u00e1nchez: &#8220;A implementa\u00e7\u00e3o da IA nas empresas obrigar\u00e1 \u00e0 reciclagem dos gestores&#8221;."},"content":{"rendered":"<p>&#8211; A Northius considera que esta implementa\u00e7\u00e3o afetar\u00e1 mais diretamente os altos cargos do que as pr\u00f3prias equipes.<\/p>\n<p>&#8211; A empresa destaca que a intelig\u00eancia artificial n\u00e3o implica em menos pessoal, mas sim em maior especializa\u00e7\u00e3o e efici\u00eancia nos processos, al\u00e9m de uma forma de trabalhar mais criativa.<\/p>\n<p>&#8211; As tend\u00eancias formativas com maior alcance, segundo o grupo educacional, est\u00e3o nas \u00e1reas de tecnologia, ind\u00fastria 4.0, setor biossanit\u00e1rio e cria\u00e7\u00e3o audiovisual.<\/p>\n<p><strong> <\/strong><\/p>\n<p><strong>A Corunha, 14 de abril de 2023 &#8211;<\/strong> A Intelig\u00eancia Artificial veio para ficar. A sua implementa\u00e7\u00e3o nas empresas j\u00e1 \u00e9 uma realidade e o seu impacto ir\u00e1 al\u00e9m do que conseguimos vislumbrar \u00e0 primeira vista. \u00c9 isso que a Northius, um grupo l\u00edder no setor da forma\u00e7\u00e3o em Espanha, constata durante o F\u00f3rum Econ\u00f3mico Espanhol.<\/p>\n<p>&#8220;Na Northius, j\u00e1 trabalhamos com intelig\u00eancia artificial, tanto nos nossos processos internos como na perspetiva formativa. Escolas como a Tokio School ou a MINT oferecem h\u00e1 algum tempo forma\u00e7\u00f5es especializadas em intelig\u00eancia artificial aplicada, que s\u00e3o renovadas e atualizadas constantemente&#8221;, explica a diretora adjunta da Northius, Susana S\u00e1nchez. &#8220;Sabemos que no \u00e2mbito formativo a IA \u00e9 uma revolu\u00e7\u00e3o que veio para ficar&#8221;.<\/p>\n<p>&#8220;J\u00e1 vivemos revolu\u00e7\u00f5es industriais e tecnol\u00f3gicas antes&#8221;, observa Susana S\u00e1nchez, &#8220;a grande diferen\u00e7a entre as anteriores e a revolu\u00e7\u00e3o atual, impulsionada pela intelig\u00eancia artificial, \u00e9 que esta ir\u00e1 afetar mais os cargos de colarinho branco do que os de colarinho azul: ser\u00e3o os gestores que mais ter\u00e3o de se adaptar para n\u00e3o ficarem para tr\u00e1s&#8221;.<\/p>\n<p>S\u00e1nchez tamb\u00e9m tem clareza de que a IA veio para ficar e ser\u00e1 aplicada em todos os postos de trabalho, &#8220;mas isso n\u00e3o significa menos empregos, as pessoas s\u00e3o insubstitu\u00edveis&#8221;, real\u00e7a. &#8220;Esta tecnologia permitir\u00e1 agilizar processos e facilitar\u00e1 que as pessoas se possam focar nas partes mais criativas ou onde o contacto direto acrescenta mais valor&#8221;.<\/p>\n<p>A empresa soube adaptar-se \u00e0s exig\u00eancias dos seus grupos de interesse, alunos e empresas, uma vez que atualmente &#8220;h\u00e1 muitos alunos que se formam apesar de estarem a trabalhar ou a realizar outras atividades&#8221;, indica S\u00e1nchez, que acrescenta que as escolas do grupo Northius &#8220;colocam o aluno no centro&#8221; das suas decis\u00f5es, por isso &#8220;adaptamos a forma\u00e7\u00e3o ao seu estilo de vida, independentemente da \u00e1rea&#8221;.<\/p>\n<p>&nbsp;<\/p>\n<p><img fetchpriority=\"high\" decoding=\"async\" class=\"aligncenter wp-image-6198\" src=\"https:\/\/northius.com\/wp-content\/uploads\/2023\/04\/DSC9996.jpg\" alt=\"foro economico northius\" width=\"840\" height=\"472\"><\/p>\n<h2><\/h2>\n<h2><\/h2>\n<h2><strong>Tend\u00eancias na forma\u00e7\u00e3o<\/strong><\/h2>\n<p>Assim, o grupo identificou uma grande mudan\u00e7a nas tend\u00eancias formativas da sociedade, sendo agora as \u00e1reas priorit\u00e1rias a tecnologia, a ind\u00fastria 4.0, o setor biossanit\u00e1rio e a cria\u00e7\u00e3o audiovisual, uma vez que &#8220;espera-se um aumento de 30% na procura por forma\u00e7\u00e3o neste setor&#8221;, destaca.<\/p>\n<p>&#8220;Isto tudo soma-se \u00e0 tend\u00eancia mais importante de todas: forma\u00e7\u00f5es focadas na empregabilidade&#8221;, aponta S\u00e1nchez. &#8220;O conceito de aluno que concentra todos os seus esfor\u00e7os em formar-se e depois procurar emprego tornou-se obsoleto. A realidade \u00e9 que agora nos capacitamos ao longo da vida, e \u00e9 essencial que as forma\u00e7\u00f5es ofere\u00e7am essa adaptabilidade que permita personaliz\u00e1-las e integr\u00e1-las nas nossas vidas. E, claro, que se foquem na empregabilidade. Os alunos querem encontrar trabalho ou melhorar o que j\u00e1 t\u00eam&#8221;.<\/p>\n<p>S\u00e1nchez assegura que se trata de eliminar o fosso entre o que as empresas pedem e o que as escolas formativas oferecem, &#8220;e na Northius conseguimos isso estando em contato real com o setor. As nossas empresas t\u00eam mais de 12.000 acordos ativos com empresas de ponta, que oferecem est\u00e1gios aos nossos alunos, e ao mesmo tempo nos permitem conhecer em primeira m\u00e3o o que o setor empresarial demanda&#8221;. &#8220;\u00c9 assim que conseguimos criar forma\u00e7\u00f5es verdadeiramente adaptadas ao mercado&#8221;, destaca, &#8220;gra\u00e7as a um contato real com o setor empresarial, que outras escolas n\u00e3o t\u00eam, e que nos permite aplicar essas demandas \u00e0s forma\u00e7\u00f5es de forma r\u00e1pida, algo que a forma\u00e7\u00e3o p\u00fablica tem muito mais dificuldade devido aos tempos burocr\u00e1ticos que a acompanham&#8221;.<\/p>\n<p>A empresa, cujas escolas contam com mais de 65.000 alunos ativos e 35.000 novos alunos a cada ano, pode dar resposta atrav\u00e9s da digitaliza\u00e7\u00e3o das suas forma\u00e7\u00f5es e da adaptabilidade \u00e0s necessidades de cada pessoa atrav\u00e9s das 10 marcas formativas que comp\u00f5em o grupo: Unisport, Deusto Formaci\u00f3n, Deusto Salud, Campus Training, CEMP, Mint, Tokio School, Treintaycincomm, Nubika e Flou.<\/p>\n<p>&nbsp;<\/p>\n<h2><strong>Sobre a Northius<\/strong><\/h2>\n<p>A Northius \u00e9 um grupo l\u00edder em forma\u00e7\u00e3o na Espanha, com mais de 1.000 funcion\u00e1rios, que integra institui\u00e7\u00f5es de forma\u00e7\u00e3o experientes com um objetivo comum: capacitar e preparar os profissionais do futuro. Atualmente, possui mais de 65.000 alunos ativos e mais de 35.000 novas matr\u00edculas por ano.<\/p>\n<p>O grupo possui mais de 40 centros de forma\u00e7\u00e3o distribu\u00eddos na Pen\u00ednsula Ib\u00e9rica. Al\u00e9m de uma presen\u00e7a significativa em outros pa\u00edses da Europa (B\u00e9lgica, Dinamarca, Inglaterra, Irlanda e Pa\u00edses Baixos) e Am\u00e9rica Latina (Argentina, Col\u00f4mbia, Costa Rica, Chile, Equador, M\u00e9xico, Peru, Panam\u00e1, Uruguai, Rep\u00fablica Dominicana e Porto Rico).<\/p>\n<p>A Northius \u00e9 composta por 10 institui\u00e7\u00f5es de forma\u00e7\u00e3o: Unisport, Deusto Formaci\u00f3n, Deusto Salud, Campus Training, CEMP, Mint, Tokio School, Treintaycincomm, Nubika, Flou.<\/p>\n","protected":false},"excerpt":{"rendered":"<p>&#8211; A Northius considera que esta implementa\u00e7\u00e3o afetar\u00e1 mais diretamente os altos cargos do que as pr\u00f3prias equipes. &#8211; A empresa destaca que a intelig\u00eancia artificial n\u00e3o implica em menos pessoal, mas sim em maior especializa\u00e7\u00e3o e efici\u00eancia nos processos, al\u00e9m de uma forma de trabalhar mais criativa. &#8211; As tend\u00eancias formativas com maior alcance, [&hellip;]<\/p>\n","protected":false},"author":5,"featured_media":6875,"comment_status":"open","ping_status":"open","sticky":false,"template":"","format":"standard","meta":{"_acf_changed":false,"inline_featured_image":false,"footnotes":""},"categories":[70],"tags":[],"class_list":["post-6874","post","type-post","status-publish","format-standard","has-post-thumbnail","hentry","category-noticias-pt"],"acf":[],"yoast_head":"<!-- This site is optimized with the Yoast SEO plugin v26.2 - https:\/\/yoast.com\/wordpress\/plugins\/seo\/ -->\n<title>Susana S\u00e1nchez: &quot;A implementa\u00e7\u00e3o da IA nas empresas obrigar\u00e1 \u00e0 reciclagem dos gestores&quot;<\/title>\n<meta name=\"description\" content=\"As tend\u00eancias formativas com maior alcance, segundo o grupo educacional, est\u00e3o nas \u00e1reas de tecnologia, ind\u00fastria 4.0, setor biossanit\u00e1rio e cria\u00e7\u00e3o audiovisual.\" \/>\n<meta name=\"robots\" content=\"index, follow, max-snippet:-1, max-image-preview:large, max-video-preview:-1\" \/>\n<link rel=\"canonical\" href=\"https:\/\/northius.com\/pt\/noticias\/susana-sanchez-a-implementacao-da-ia-nas-empresas-obrigara-a-reciclagem-dos-gestores\/\" \/>\n<meta property=\"og:locale\" content=\"pt_PT\" \/>\n<meta property=\"og:type\" content=\"article\" \/>\n<meta property=\"og:title\" content=\"Susana S\u00e1nchez: &quot;A implementa\u00e7\u00e3o da IA nas empresas obrigar\u00e1 \u00e0 reciclagem dos gestores&quot;\" \/>\n<meta property=\"og:description\" content=\"As tend\u00eancias formativas com maior alcance, segundo o grupo educacional, est\u00e3o nas \u00e1reas de tecnologia, ind\u00fastria 4.0, setor biossanit\u00e1rio e cria\u00e7\u00e3o audiovisual.\" \/>\n<meta property=\"og:url\" content=\"https:\/\/northius.com\/pt\/noticias\/susana-sanchez-a-implementacao-da-ia-nas-empresas-obrigara-a-reciclagem-dos-gestores\/\" \/>\n<meta property=\"og:site_name\" content=\"Northius\" \/>\n<meta property=\"article:published_time\" content=\"2023-04-14T08:20:26+00:00\" \/>\n<meta property=\"article:modified_time\" content=\"2023-06-30T09:07:05+00:00\" \/>\n<meta property=\"og:image\" content=\"https:\/\/northius.com\/wp-content\/uploads\/2023\/04\/DSC9996.jpg\" \/>\n\t<meta property=\"og:image:width\" content=\"4240\" \/>\n\t<meta property=\"og:image:height\" content=\"2384\" \/>\n\t<meta property=\"og:image:type\" content=\"image\/jpeg\" \/>\n<meta name=\"author\" content=\"esgalla esgalla\" \/>\n<meta name=\"twitter:card\" content=\"summary_large_image\" \/>\n<meta name=\"twitter:label1\" content=\"Written by\" \/>\n\t<meta name=\"twitter:data1\" content=\"esgalla esgalla\" \/>\n\t<meta name=\"twitter:label2\" content=\"Est. reading time\" \/>\n\t<meta name=\"twitter:data2\" content=\"4 minutes\" \/>\n<script type=\"application\/ld+json\" class=\"yoast-schema-graph\">{\"@context\":\"https:\/\/schema.org\",\"@graph\":[{\"@type\":\"Article\",\"@id\":\"https:\/\/northius.com\/pt\/noticias\/susana-sanchez-a-implementacao-da-ia-nas-empresas-obrigara-a-reciclagem-dos-gestores\/#article\",\"isPartOf\":{\"@id\":\"https:\/\/northius.com\/pt\/noticias\/susana-sanchez-a-implementacao-da-ia-nas-empresas-obrigara-a-reciclagem-dos-gestores\/\"},\"author\":{\"name\":\"esgalla esgalla\",\"@id\":\"https:\/\/northius.com\/pt\/#\/schema\/person\/1e51e8d6584f535c6388b3ea146afdfb\"},\"headline\":\"Susana S\u00e1nchez: &#8220;A implementa\u00e7\u00e3o da IA nas empresas obrigar\u00e1 \u00e0 reciclagem dos gestores&#8221;.\",\"datePublished\":\"2023-04-14T08:20:26+00:00\",\"dateModified\":\"2023-06-30T09:07:05+00:00\",\"mainEntityOfPage\":{\"@id\":\"https:\/\/northius.com\/pt\/noticias\/susana-sanchez-a-implementacao-da-ia-nas-empresas-obrigara-a-reciclagem-dos-gestores\/\"},\"wordCount\":888,\"commentCount\":0,\"publisher\":{\"@id\":\"https:\/\/northius.com\/pt\/#organization\"},\"image\":{\"@id\":\"https:\/\/northius.com\/pt\/noticias\/susana-sanchez-a-implementacao-da-ia-nas-empresas-obrigara-a-reciclagem-dos-gestores\/#primaryimage\"},\"thumbnailUrl\":\"https:\/\/northius.com\/wp-content\/uploads\/2023\/04\/DSC9996.jpg\",\"articleSection\":[\"Not\u00edcias\"],\"inLanguage\":\"pt-P\",\"potentialAction\":[{\"@type\":\"CommentAction\",\"name\":\"Comment\",\"target\":[\"https:\/\/northius.com\/pt\/noticias\/susana-sanchez-a-implementacao-da-ia-nas-empresas-obrigara-a-reciclagem-dos-gestores\/#respond\"]}]},{\"@type\":\"WebPage\",\"@id\":\"https:\/\/northius.com\/pt\/noticias\/susana-sanchez-a-implementacao-da-ia-nas-empresas-obrigara-a-reciclagem-dos-gestores\/\",\"url\":\"https:\/\/northius.com\/pt\/noticias\/susana-sanchez-a-implementacao-da-ia-nas-empresas-obrigara-a-reciclagem-dos-gestores\/\",\"name\":\"Susana S\u00e1nchez: \\\"A implementa\u00e7\u00e3o da IA nas empresas obrigar\u00e1 \u00e0 reciclagem dos gestores\\\"\",\"isPartOf\":{\"@id\":\"https:\/\/northius.com\/pt\/#website\"},\"primaryImageOfPage\":{\"@id\":\"https:\/\/northius.com\/pt\/noticias\/susana-sanchez-a-implementacao-da-ia-nas-empresas-obrigara-a-reciclagem-dos-gestores\/#primaryimage\"},\"image\":{\"@id\":\"https:\/\/northius.com\/pt\/noticias\/susana-sanchez-a-implementacao-da-ia-nas-empresas-obrigara-a-reciclagem-dos-gestores\/#primaryimage\"},\"thumbnailUrl\":\"https:\/\/northius.com\/wp-content\/uploads\/2023\/04\/DSC9996.jpg\",\"datePublished\":\"2023-04-14T08:20:26+00:00\",\"dateModified\":\"2023-06-30T09:07:05+00:00\",\"description\":\"As tend\u00eancias formativas com maior alcance, segundo o grupo educacional, est\u00e3o nas \u00e1reas de tecnologia, ind\u00fastria 4.0, setor biossanit\u00e1rio e cria\u00e7\u00e3o audiovisual.\",\"breadcrumb\":{\"@id\":\"https:\/\/northius.com\/pt\/noticias\/susana-sanchez-a-implementacao-da-ia-nas-empresas-obrigara-a-reciclagem-dos-gestores\/#breadcrumb\"},\"inLanguage\":\"pt-P\",\"potentialAction\":[{\"@type\":\"ReadAction\",\"target\":[\"https:\/\/northius.com\/pt\/noticias\/susana-sanchez-a-implementacao-da-ia-nas-empresas-obrigara-a-reciclagem-dos-gestores\/\"]}]},{\"@type\":\"ImageObject\",\"inLanguage\":\"pt-P\",\"@id\":\"https:\/\/northius.com\/pt\/noticias\/susana-sanchez-a-implementacao-da-ia-nas-empresas-obrigara-a-reciclagem-dos-gestores\/#primaryimage\",\"url\":\"https:\/\/northius.com\/wp-content\/uploads\/2023\/04\/DSC9996.jpg\",\"contentUrl\":\"https:\/\/northius.com\/wp-content\/uploads\/2023\/04\/DSC9996.jpg\",\"width\":4240,\"height\":2384},{\"@type\":\"BreadcrumbList\",\"@id\":\"https:\/\/northius.com\/pt\/noticias\/susana-sanchez-a-implementacao-da-ia-nas-empresas-obrigara-a-reciclagem-dos-gestores\/#breadcrumb\",\"itemListElement\":[{\"@type\":\"ListItem\",\"position\":1,\"name\":\"Inicio\",\"item\":\"https:\/\/northius.com\/pt\/\"},{\"@type\":\"ListItem\",\"position\":2,\"name\":\"Susana S\u00e1nchez: &#8220;A implementa\u00e7\u00e3o da IA nas empresas obrigar\u00e1 \u00e0 reciclagem dos gestores&#8221;.\"}]},{\"@type\":\"WebSite\",\"@id\":\"https:\/\/northius.com\/pt\/#website\",\"url\":\"https:\/\/northius.com\/pt\/\",\"name\":\"Northius\",\"description\":\"El grupo educativo de formaci\u00f3n especializada\",\"publisher\":{\"@id\":\"https:\/\/northius.com\/pt\/#organization\"},\"potentialAction\":[{\"@type\":\"SearchAction\",\"target\":{\"@type\":\"EntryPoint\",\"urlTemplate\":\"https:\/\/northius.com\/pt\/?s={search_term_string}\"},\"query-input\":{\"@type\":\"PropertyValueSpecification\",\"valueRequired\":true,\"valueName\":\"search_term_string\"}}],\"inLanguage\":\"pt-P\"},{\"@type\":\"Organization\",\"@id\":\"https:\/\/northius.com\/pt\/#organization\",\"name\":\"Northius\",\"url\":\"https:\/\/northius.com\/pt\/\",\"logo\":{\"@type\":\"ImageObject\",\"inLanguage\":\"pt-P\",\"@id\":\"https:\/\/northius.com\/pt\/#\/schema\/logo\/image\/\",\"url\":\"https:\/\/northius.com\/wp-content\/uploads\/2022\/05\/logo.svg\",\"contentUrl\":\"https:\/\/northius.com\/wp-content\/uploads\/2022\/05\/logo.svg\",\"width\":196,\"height\":36,\"caption\":\"Northius\"},\"image\":{\"@id\":\"https:\/\/northius.com\/pt\/#\/schema\/logo\/image\/\"}},{\"@type\":\"Person\",\"@id\":\"https:\/\/northius.com\/pt\/#\/schema\/person\/1e51e8d6584f535c6388b3ea146afdfb\",\"name\":\"esgalla esgalla\",\"image\":{\"@type\":\"ImageObject\",\"inLanguage\":\"pt-P\",\"@id\":\"https:\/\/northius.com\/pt\/#\/schema\/person\/image\/\",\"url\":\"https:\/\/secure.gravatar.com\/avatar\/16a1fd4ef08b5da8cee27aa9c2916409bd90faa3576b0302ee722f539fbc46cd?s=96&d=mm&r=g\",\"contentUrl\":\"https:\/\/secure.gravatar.com\/avatar\/16a1fd4ef08b5da8cee27aa9c2916409bd90faa3576b0302ee722f539fbc46cd?s=96&d=mm&r=g\",\"caption\":\"esgalla esgalla\"}}]}<\/script>\n<!-- \/ Yoast SEO plugin. -->","yoast_head_json":{"title":"Susana S\u00e1nchez: \"A implementa\u00e7\u00e3o da IA nas empresas obrigar\u00e1 \u00e0 reciclagem dos gestores\"","description":"As tend\u00eancias formativas com maior alcance, segundo o grupo educacional, est\u00e3o nas \u00e1reas de tecnologia, ind\u00fastria 4.0, setor biossanit\u00e1rio e cria\u00e7\u00e3o audiovisual.","robots":{"index":"index","follow":"follow","max-snippet":"max-snippet:-1","max-image-preview":"max-image-preview:large","max-video-preview":"max-video-preview:-1"},"canonical":"https:\/\/northius.com\/pt\/noticias\/susana-sanchez-a-implementacao-da-ia-nas-empresas-obrigara-a-reciclagem-dos-gestores\/","og_locale":"pt_PT","og_type":"article","og_title":"Susana S\u00e1nchez: \"A implementa\u00e7\u00e3o da IA nas empresas obrigar\u00e1 \u00e0 reciclagem dos gestores\"","og_description":"As tend\u00eancias formativas com maior alcance, segundo o grupo educacional, est\u00e3o nas \u00e1reas de tecnologia, ind\u00fastria 4.0, setor biossanit\u00e1rio e cria\u00e7\u00e3o audiovisual.","og_url":"https:\/\/northius.com\/pt\/noticias\/susana-sanchez-a-implementacao-da-ia-nas-empresas-obrigara-a-reciclagem-dos-gestores\/","og_site_name":"Northius","article_published_time":"2023-04-14T08:20:26+00:00","article_modified_time":"2023-06-30T09:07:05+00:00","og_image":[{"width":4240,"height":2384,"url":"https:\/\/northius.com\/wp-content\/uploads\/2023\/04\/DSC9996.jpg","type":"image\/jpeg"}],"author":"esgalla esgalla","twitter_card":"summary_large_image","twitter_misc":{"Written by":"esgalla esgalla","Est. reading time":"4 minutes"},"schema":{"@context":"https:\/\/schema.org","@graph":[{"@type":"Article","@id":"https:\/\/northius.com\/pt\/noticias\/susana-sanchez-a-implementacao-da-ia-nas-empresas-obrigara-a-reciclagem-dos-gestores\/#article","isPartOf":{"@id":"https:\/\/northius.com\/pt\/noticias\/susana-sanchez-a-implementacao-da-ia-nas-empresas-obrigara-a-reciclagem-dos-gestores\/"},"author":{"name":"esgalla esgalla","@id":"https:\/\/northius.com\/pt\/#\/schema\/person\/1e51e8d6584f535c6388b3ea146afdfb"},"headline":"Susana S\u00e1nchez: &#8220;A implementa\u00e7\u00e3o da IA nas empresas obrigar\u00e1 \u00e0 reciclagem dos gestores&#8221;.","datePublished":"2023-04-14T08:20:26+00:00","dateModified":"2023-06-30T09:07:05+00:00","mainEntityOfPage":{"@id":"https:\/\/northius.com\/pt\/noticias\/susana-sanchez-a-implementacao-da-ia-nas-empresas-obrigara-a-reciclagem-dos-gestores\/"},"wordCount":888,"commentCount":0,"publisher":{"@id":"https:\/\/northius.com\/pt\/#organization"},"image":{"@id":"https:\/\/northius.com\/pt\/noticias\/susana-sanchez-a-implementacao-da-ia-nas-empresas-obrigara-a-reciclagem-dos-gestores\/#primaryimage"},"thumbnailUrl":"https:\/\/northius.com\/wp-content\/uploads\/2023\/04\/DSC9996.jpg","articleSection":["Not\u00edcias"],"inLanguage":"pt-P","potentialAction":[{"@type":"CommentAction","name":"Comment","target":["https:\/\/northius.com\/pt\/noticias\/susana-sanchez-a-implementacao-da-ia-nas-empresas-obrigara-a-reciclagem-dos-gestores\/#respond"]}]},{"@type":"WebPage","@id":"https:\/\/northius.com\/pt\/noticias\/susana-sanchez-a-implementacao-da-ia-nas-empresas-obrigara-a-reciclagem-dos-gestores\/","url":"https:\/\/northius.com\/pt\/noticias\/susana-sanchez-a-implementacao-da-ia-nas-empresas-obrigara-a-reciclagem-dos-gestores\/","name":"Susana S\u00e1nchez: \"A implementa\u00e7\u00e3o da IA nas empresas obrigar\u00e1 \u00e0 reciclagem dos gestores\"","isPartOf":{"@id":"https:\/\/northius.com\/pt\/#website"},"primaryImageOfPage":{"@id":"https:\/\/northius.com\/pt\/noticias\/susana-sanchez-a-implementacao-da-ia-nas-empresas-obrigara-a-reciclagem-dos-gestores\/#primaryimage"},"image":{"@id":"https:\/\/northius.com\/pt\/noticias\/susana-sanchez-a-implementacao-da-ia-nas-empresas-obrigara-a-reciclagem-dos-gestores\/#primaryimage"},"thumbnailUrl":"https:\/\/northius.com\/wp-content\/uploads\/2023\/04\/DSC9996.jpg","datePublished":"2023-04-14T08:20:26+00:00","dateModified":"2023-06-30T09:07:05+00:00","description":"As tend\u00eancias formativas com maior alcance, segundo o grupo educacional, est\u00e3o nas \u00e1reas de tecnologia, ind\u00fastria 4.0, setor biossanit\u00e1rio e cria\u00e7\u00e3o audiovisual.","breadcrumb":{"@id":"https:\/\/northius.com\/pt\/noticias\/susana-sanchez-a-implementacao-da-ia-nas-empresas-obrigara-a-reciclagem-dos-gestores\/#breadcrumb"},"inLanguage":"pt-P","potentialAction":[{"@type":"ReadAction","target":["https:\/\/northius.com\/pt\/noticias\/susana-sanchez-a-implementacao-da-ia-nas-empresas-obrigara-a-reciclagem-dos-gestores\/"]}]},{"@type":"ImageObject","inLanguage":"pt-P","@id":"https:\/\/northius.com\/pt\/noticias\/susana-sanchez-a-implementacao-da-ia-nas-empresas-obrigara-a-reciclagem-dos-gestores\/#primaryimage","url":"https:\/\/northius.com\/wp-content\/uploads\/2023\/04\/DSC9996.jpg","contentUrl":"https:\/\/northius.com\/wp-content\/uploads\/2023\/04\/DSC9996.jpg","width":4240,"height":2384},{"@type":"BreadcrumbList","@id":"https:\/\/northius.com\/pt\/noticias\/susana-sanchez-a-implementacao-da-ia-nas-empresas-obrigara-a-reciclagem-dos-gestores\/#breadcrumb","itemListElement":[{"@type":"ListItem","position":1,"name":"Inicio","item":"https:\/\/northius.com\/pt\/"},{"@type":"ListItem","position":2,"name":"Susana S\u00e1nchez: &#8220;A implementa\u00e7\u00e3o da IA nas empresas obrigar\u00e1 \u00e0 reciclagem dos gestores&#8221;."}]},{"@type":"WebSite","@id":"https:\/\/northius.com\/pt\/#website","url":"https:\/\/northius.com\/pt\/","name":"Northius","description":"El grupo educativo de formaci\u00f3n especializada","publisher":{"@id":"https:\/\/northius.com\/pt\/#organization"},"potentialAction":[{"@type":"SearchAction","target":{"@type":"EntryPoint","urlTemplate":"https:\/\/northius.com\/pt\/?s={search_term_string}"},"query-input":{"@type":"PropertyValueSpecification","valueRequired":true,"valueName":"search_term_string"}}],"inLanguage":"pt-P"},{"@type":"Organization","@id":"https:\/\/northius.com\/pt\/#organization","name":"Northius","url":"https:\/\/northius.com\/pt\/","logo":{"@type":"ImageObject","inLanguage":"pt-P","@id":"https:\/\/northius.com\/pt\/#\/schema\/logo\/image\/","url":"https:\/\/northius.com\/wp-content\/uploads\/2022\/05\/logo.svg","contentUrl":"https:\/\/northius.com\/wp-content\/uploads\/2022\/05\/logo.svg","width":196,"height":36,"caption":"Northius"},"image":{"@id":"https:\/\/northius.com\/pt\/#\/schema\/logo\/image\/"}},{"@type":"Person","@id":"https:\/\/northius.com\/pt\/#\/schema\/person\/1e51e8d6584f535c6388b3ea146afdfb","name":"esgalla esgalla","image":{"@type":"ImageObject","inLanguage":"pt-P","@id":"https:\/\/northius.com\/pt\/#\/schema\/person\/image\/","url":"https:\/\/secure.gravatar.com\/avatar\/16a1fd4ef08b5da8cee27aa9c2916409bd90faa3576b0302ee722f539fbc46cd?s=96&d=mm&r=g","contentUrl":"https:\/\/secure.gravatar.com\/avatar\/16a1fd4ef08b5da8cee27aa9c2916409bd90faa3576b0302ee722f539fbc46cd?s=96&d=mm&r=g","caption":"esgalla esgalla"}}]}},"_links":{"self":[{"href":"https:\/\/northius.com\/pt\/wp-json\/wp\/v2\/posts\/6874","targetHints":{"allow":["GET"]}}],"collection":[{"href":"https:\/\/northius.com\/pt\/wp-json\/wp\/v2\/posts"}],"about":[{"href":"https:\/\/northius.com\/pt\/wp-json\/wp\/v2\/types\/post"}],"author":[{"embeddable":true,"href":"https:\/\/northius.com\/pt\/wp-json\/wp\/v2\/users\/5"}],"replies":[{"embeddable":true,"href":"https:\/\/northius.com\/pt\/wp-json\/wp\/v2\/comments?post=6874"}],"version-history":[{"count":1,"href":"https:\/\/northius.com\/pt\/wp-json\/wp\/v2\/posts\/6874\/revisions"}],"predecessor-version":[{"id":6971,"href":"https:\/\/northius.com\/pt\/wp-json\/wp\/v2\/posts\/6874\/revisions\/6971"}],"wp:featuredmedia":[{"embeddable":true,"href":"https:\/\/northius.com\/pt\/wp-json\/wp\/v2\/media\/6875"}],"wp:attachment":[{"href":"https:\/\/northius.com\/pt\/wp-json\/wp\/v2\/media?parent=6874"}],"wp:term":[{"taxonomy":"category","embeddable":true,"href":"https:\/\/northius.com\/pt\/wp-json\/wp\/v2\/categories?post=6874"},{"taxonomy":"post_tag","embeddable":true,"href":"https:\/\/northius.com\/pt\/wp-json\/wp\/v2\/tags?post=6874"}],"curies":[{"name":"wp","href":"https:\/\/api.w.org\/{rel}","templated":true}]}}