{"id":6009,"date":"2023-03-08T09:58:26","date_gmt":"2023-03-08T09:58:26","guid":{"rendered":"https:\/\/northius.com\/?p=6009"},"modified":"2023-03-08T10:00:20","modified_gmt":"2023-03-08T10:00:20","slug":"northius-participates-human-resources-manager-conference-organised-cre100do-madrid","status":"publish","type":"post","link":"https:\/\/northius.com\/en\/news\/northius-participates-human-resources-manager-conference-organised-cre100do-madrid\/","title":{"rendered":"Northius participates in the human resources manager conference organised by Cre100do in Madrid"},"content":{"rendered":"<ul>\n<li>The company is scheduled to take part in two events: the Recruiting Hell event, which EBF is organising in A Coru\u00f1a, and the &#8216;Muller e Empresa&#8217; round table that will be held at Nord\u00e9s Club Empresarial.<\/li>\n<\/ul>\n<p>&nbsp;<\/p>\n<p><strong>A Coru\u00f1a, 7 de marzo de 2023<\/strong>.- On Thursday, March 9th, Northius is scheduled to attend the annual conference organised by Cre100do in Madrid. The conference aims to enhance relationships among talent managers and examine leadership trends, which reflects Northius&#8217; commitment to ongoing advancement in its sector.<\/p>\n<p>The event, which several prominent human resources professionals will attend, will focus on the importance of promoting people analytics, hybrid work formats and the integration of young talent, among other topics, with this goal in mind.<\/p>\n<p>&#8220;Participating in this event reflects our commitment to continuously improving our training courses to meet the needs of over 65,000 students and 1,000 employees who work hard to adapt to the professional market&#8217;s needs and the students&#8217; concerns,&#8221; said Patricia Acedo, Director of Human Resources at Northius.<\/p>\n<p>&nbsp;<\/p>\n<h2><strong>Northius&#8217; commitment to talent<\/strong><\/h2>\n<p>The company aims to assist people in accomplishing their professional goals by promoting honesty, professionalism, and enthusiasm. Furthermore, the company is participating this week in the EBF-organized event, Recruiting Hell, where individuals seeking employment can present themselves to professionals and receive direct feedback from experienced and knowledgeable individuals on how to attain their job placement objectives.<\/p>\n<p>As a part of its dedication to creating a more equitable society concerning social and employment opportunities, the company will join the &#8216;Women and Business&#8217; round table organised by AJE Coru\u00f1a at the Nord\u00e9s Club Empresarial.<\/p>\n<p>The event aims to emphasise the presence of women in business and entrepreneurship. Northius&#8217; Communications Director, Mar\u00eda Nieto, will speak at the event, reflecting the Group&#8217;s pledge to foster female talent, reinforce women&#8217;s leadership, and encourage their involvement in decision-making.<\/p>\n<p>&#8220;As a symbol of our commitment to building a better society, we are contributing to promoting female talent on Women&#8217;s Day,&#8221; said Susana S\u00e1nchez, Deputy Director. &#8220;Northius is firmly committed to reducing inequalities in all areas, as demonstrated by the company&#8217;s dedication to work-life balance and fostering female talent,&#8221; she added.<\/p>\n<p>The company upholds its dedication to accomplishing professional objectives by implementing a programme to promote the employability-oriented training of marginalised groups and their integration into the labour market. Such groups include women, particularly those over the age of 45 who are long-term unemployed, individuals with disabilities, migrants, and those at risk of social exclusion based on their race or ethnicity. The programme has a budget of \u20ac1 million for training grants and includes a project that employs artificial intelligence to assist the integration of these groups into the workforce.<\/p>\n<p>&nbsp;<\/p>\n<h2><strong>About Northius<\/strong><\/h2>\n<p>We are the result of a successful partnership of experienced educational institutions that share the same objective: the training and development of future professionals. Our aim is to impact society through quality training. We currently have 65,000 active students and more than 35,000 new enrolments yearly.<\/p>\n<p>The group has more than 40 educational centers throughout the Iberian Peninsula. It also has a significant presence in other European countries (Belgium, Denmark, England, Ireland and the Netherlands) and Latin America (Argentina, Colombia, Costa Rica, Chile, Ecuador, Mexico, Peru, Panama, Uruguay, Dominican Republic and Puerto Rico).<\/p>\n<p>Northius is made up of 12 educational institutions: CEAC, Unisport, Deusto Formaci\u00f3n, Deusto Salud, Campus Training, CEMP, Mint, Tokio School, Treintaycincomm, Nubika, Flou and CEAC FP.<\/p>\n<p>&nbsp;<\/p>\n","protected":false},"excerpt":{"rendered":"<p>The company is scheduled to take part in two events: the Recruiting Hell event, which EBF is organising in A Coru\u00f1a, and the &#8216;Muller e Empresa&#8217; round table that will be held at Nord\u00e9s Club Empresarial. &nbsp; A Coru\u00f1a, 7 de marzo de 2023.- On Thursday, March 9th, Northius is scheduled to attend the annual [&hellip;]<\/p>\n","protected":false},"author":5,"featured_media":0,"comment_status":"open","ping_status":"open","sticky":false,"template":"","format":"standard","meta":{"_acf_changed":false,"inline_featured_image":false,"footnotes":""},"categories":[57],"tags":[],"class_list":["post-6009","post","type-post","status-publish","format-standard","hentry","category-noticias-en"],"acf":[],"yoast_head":"<!-- This site is optimized with the Yoast SEO plugin v26.2 - https:\/\/yoast.com\/wordpress\/plugins\/seo\/ -->\n<title>Northius participates in the human resources manager conference organised by Cre100do in Madrid<\/title>\n<meta name=\"description\" content=\"The company is scheduled to take part in two events: the Recruiting Hell event, which EBF is organising in A Coru\u00f1a, and the &#039;Muller e Empresa&#039; round table that will be held at Nord\u00e9s Club Empresarial.\" \/>\n<meta name=\"robots\" content=\"index, follow, max-snippet:-1, max-image-preview:large, max-video-preview:-1\" \/>\n<link rel=\"canonical\" href=\"https:\/\/northius.com\/en\/news\/northius-participates-human-resources-manager-conference-organised-cre100do-madrid\/\" \/>\n<meta property=\"og:locale\" content=\"en_US\" \/>\n<meta property=\"og:type\" content=\"article\" \/>\n<meta property=\"og:title\" content=\"Northius participates in the human resources manager conference organised by Cre100do in Madrid\" \/>\n<meta property=\"og:description\" content=\"The company is scheduled to take part in two events: the Recruiting Hell event, which EBF is organising in A Coru\u00f1a, and the &#039;Muller e Empresa&#039; round table that will be held at Nord\u00e9s Club Empresarial.\" \/>\n<meta property=\"og:url\" content=\"https:\/\/northius.com\/en\/news\/northius-participates-human-resources-manager-conference-organised-cre100do-madrid\/\" \/>\n<meta property=\"og:site_name\" content=\"Northius\" \/>\n<meta property=\"article:published_time\" content=\"2023-03-08T09:58:26+00:00\" \/>\n<meta property=\"article:modified_time\" content=\"2023-03-08T10:00:20+00:00\" \/>\n<meta name=\"author\" content=\"esgalla esgalla\" \/>\n<meta name=\"twitter:card\" content=\"summary_large_image\" \/>\n<meta name=\"twitter:label1\" content=\"Written by\" \/>\n\t<meta name=\"twitter:data1\" content=\"esgalla esgalla\" \/>\n\t<meta name=\"twitter:label2\" content=\"Est. reading time\" \/>\n\t<meta name=\"twitter:data2\" content=\"3 minutes\" \/>\n<script type=\"application\/ld+json\" class=\"yoast-schema-graph\">{\"@context\":\"https:\/\/schema.org\",\"@graph\":[{\"@type\":\"Article\",\"@id\":\"https:\/\/northius.com\/en\/news\/northius-participates-human-resources-manager-conference-organised-cre100do-madrid\/#article\",\"isPartOf\":{\"@id\":\"https:\/\/northius.com\/en\/news\/northius-participates-human-resources-manager-conference-organised-cre100do-madrid\/\"},\"author\":{\"name\":\"esgalla esgalla\",\"@id\":\"https:\/\/northius.com\/en\/#\/schema\/person\/1e51e8d6584f535c6388b3ea146afdfb\"},\"headline\":\"Northius participates in the human resources manager conference organised by Cre100do in Madrid\",\"datePublished\":\"2023-03-08T09:58:26+00:00\",\"dateModified\":\"2023-03-08T10:00:20+00:00\",\"mainEntityOfPage\":{\"@id\":\"https:\/\/northius.com\/en\/news\/northius-participates-human-resources-manager-conference-organised-cre100do-madrid\/\"},\"wordCount\":586,\"commentCount\":0,\"publisher\":{\"@id\":\"https:\/\/northius.com\/en\/#organization\"},\"articleSection\":[\"Noticias\"],\"inLanguage\":\"en-US\",\"potentialAction\":[{\"@type\":\"CommentAction\",\"name\":\"Comment\",\"target\":[\"https:\/\/northius.com\/en\/news\/northius-participates-human-resources-manager-conference-organised-cre100do-madrid\/#respond\"]}]},{\"@type\":\"WebPage\",\"@id\":\"https:\/\/northius.com\/en\/news\/northius-participates-human-resources-manager-conference-organised-cre100do-madrid\/\",\"url\":\"https:\/\/northius.com\/en\/news\/northius-participates-human-resources-manager-conference-organised-cre100do-madrid\/\",\"name\":\"Northius participates in the human resources manager conference organised by Cre100do in Madrid\",\"isPartOf\":{\"@id\":\"https:\/\/northius.com\/en\/#website\"},\"datePublished\":\"2023-03-08T09:58:26+00:00\",\"dateModified\":\"2023-03-08T10:00:20+00:00\",\"description\":\"The company is scheduled to take part in two events: the Recruiting Hell event, which EBF is organising in A Coru\u00f1a, and the 'Muller e Empresa' round table that will be held at Nord\u00e9s Club Empresarial.\",\"breadcrumb\":{\"@id\":\"https:\/\/northius.com\/en\/news\/northius-participates-human-resources-manager-conference-organised-cre100do-madrid\/#breadcrumb\"},\"inLanguage\":\"en-US\",\"potentialAction\":[{\"@type\":\"ReadAction\",\"target\":[\"https:\/\/northius.com\/en\/news\/northius-participates-human-resources-manager-conference-organised-cre100do-madrid\/\"]}]},{\"@type\":\"BreadcrumbList\",\"@id\":\"https:\/\/northius.com\/en\/news\/northius-participates-human-resources-manager-conference-organised-cre100do-madrid\/#breadcrumb\",\"itemListElement\":[{\"@type\":\"ListItem\",\"position\":1,\"name\":\"Home\",\"item\":\"https:\/\/northius.com\/en\/\"},{\"@type\":\"ListItem\",\"position\":2,\"name\":\"Northius participates in the human resources manager conference organised by Cre100do in Madrid\"}]},{\"@type\":\"WebSite\",\"@id\":\"https:\/\/northius.com\/en\/#website\",\"url\":\"https:\/\/northius.com\/en\/\",\"name\":\"Northius\",\"description\":\"El grupo educativo de formaci\u00f3n especializada\",\"publisher\":{\"@id\":\"https:\/\/northius.com\/en\/#organization\"},\"potentialAction\":[{\"@type\":\"SearchAction\",\"target\":{\"@type\":\"EntryPoint\",\"urlTemplate\":\"https:\/\/northius.com\/en\/?s={search_term_string}\"},\"query-input\":{\"@type\":\"PropertyValueSpecification\",\"valueRequired\":true,\"valueName\":\"search_term_string\"}}],\"inLanguage\":\"en-US\"},{\"@type\":\"Organization\",\"@id\":\"https:\/\/northius.com\/en\/#organization\",\"name\":\"Northius\",\"url\":\"https:\/\/northius.com\/en\/\",\"logo\":{\"@type\":\"ImageObject\",\"inLanguage\":\"en-US\",\"@id\":\"https:\/\/northius.com\/en\/#\/schema\/logo\/image\/\",\"url\":\"https:\/\/northius.com\/wp-content\/uploads\/2022\/05\/logo.svg\",\"contentUrl\":\"https:\/\/northius.com\/wp-content\/uploads\/2022\/05\/logo.svg\",\"width\":196,\"height\":36,\"caption\":\"Northius\"},\"image\":{\"@id\":\"https:\/\/northius.com\/en\/#\/schema\/logo\/image\/\"}},{\"@type\":\"Person\",\"@id\":\"https:\/\/northius.com\/en\/#\/schema\/person\/1e51e8d6584f535c6388b3ea146afdfb\",\"name\":\"esgalla esgalla\",\"image\":{\"@type\":\"ImageObject\",\"inLanguage\":\"en-US\",\"@id\":\"https:\/\/northius.com\/en\/#\/schema\/person\/image\/\",\"url\":\"https:\/\/secure.gravatar.com\/avatar\/16a1fd4ef08b5da8cee27aa9c2916409bd90faa3576b0302ee722f539fbc46cd?s=96&d=mm&r=g\",\"contentUrl\":\"https:\/\/secure.gravatar.com\/avatar\/16a1fd4ef08b5da8cee27aa9c2916409bd90faa3576b0302ee722f539fbc46cd?s=96&d=mm&r=g\",\"caption\":\"esgalla esgalla\"}}]}<\/script>\n<!-- \/ Yoast SEO plugin. -->","yoast_head_json":{"title":"Northius participates in the human resources manager conference organised by Cre100do in Madrid","description":"The company is scheduled to take part in two events: the Recruiting Hell event, which EBF is organising in A Coru\u00f1a, and the 'Muller e Empresa' round table that will be held at Nord\u00e9s Club Empresarial.","robots":{"index":"index","follow":"follow","max-snippet":"max-snippet:-1","max-image-preview":"max-image-preview:large","max-video-preview":"max-video-preview:-1"},"canonical":"https:\/\/northius.com\/en\/news\/northius-participates-human-resources-manager-conference-organised-cre100do-madrid\/","og_locale":"en_US","og_type":"article","og_title":"Northius participates in the human resources manager conference organised by Cre100do in Madrid","og_description":"The company is scheduled to take part in two events: the Recruiting Hell event, which EBF is organising in A Coru\u00f1a, and the 'Muller e Empresa' round table that will be held at Nord\u00e9s Club Empresarial.","og_url":"https:\/\/northius.com\/en\/news\/northius-participates-human-resources-manager-conference-organised-cre100do-madrid\/","og_site_name":"Northius","article_published_time":"2023-03-08T09:58:26+00:00","article_modified_time":"2023-03-08T10:00:20+00:00","author":"esgalla esgalla","twitter_card":"summary_large_image","twitter_misc":{"Written by":"esgalla esgalla","Est. reading time":"3 minutes"},"schema":{"@context":"https:\/\/schema.org","@graph":[{"@type":"Article","@id":"https:\/\/northius.com\/en\/news\/northius-participates-human-resources-manager-conference-organised-cre100do-madrid\/#article","isPartOf":{"@id":"https:\/\/northius.com\/en\/news\/northius-participates-human-resources-manager-conference-organised-cre100do-madrid\/"},"author":{"name":"esgalla esgalla","@id":"https:\/\/northius.com\/en\/#\/schema\/person\/1e51e8d6584f535c6388b3ea146afdfb"},"headline":"Northius participates in the human resources manager conference organised by Cre100do in Madrid","datePublished":"2023-03-08T09:58:26+00:00","dateModified":"2023-03-08T10:00:20+00:00","mainEntityOfPage":{"@id":"https:\/\/northius.com\/en\/news\/northius-participates-human-resources-manager-conference-organised-cre100do-madrid\/"},"wordCount":586,"commentCount":0,"publisher":{"@id":"https:\/\/northius.com\/en\/#organization"},"articleSection":["Noticias"],"inLanguage":"en-US","potentialAction":[{"@type":"CommentAction","name":"Comment","target":["https:\/\/northius.com\/en\/news\/northius-participates-human-resources-manager-conference-organised-cre100do-madrid\/#respond"]}]},{"@type":"WebPage","@id":"https:\/\/northius.com\/en\/news\/northius-participates-human-resources-manager-conference-organised-cre100do-madrid\/","url":"https:\/\/northius.com\/en\/news\/northius-participates-human-resources-manager-conference-organised-cre100do-madrid\/","name":"Northius participates in the human resources manager conference organised by Cre100do in Madrid","isPartOf":{"@id":"https:\/\/northius.com\/en\/#website"},"datePublished":"2023-03-08T09:58:26+00:00","dateModified":"2023-03-08T10:00:20+00:00","description":"The company is scheduled to take part in two events: the Recruiting Hell event, which EBF is organising in A Coru\u00f1a, and the 'Muller e Empresa' round table that will be held at Nord\u00e9s Club Empresarial.","breadcrumb":{"@id":"https:\/\/northius.com\/en\/news\/northius-participates-human-resources-manager-conference-organised-cre100do-madrid\/#breadcrumb"},"inLanguage":"en-US","potentialAction":[{"@type":"ReadAction","target":["https:\/\/northius.com\/en\/news\/northius-participates-human-resources-manager-conference-organised-cre100do-madrid\/"]}]},{"@type":"BreadcrumbList","@id":"https:\/\/northius.com\/en\/news\/northius-participates-human-resources-manager-conference-organised-cre100do-madrid\/#breadcrumb","itemListElement":[{"@type":"ListItem","position":1,"name":"Home","item":"https:\/\/northius.com\/en\/"},{"@type":"ListItem","position":2,"name":"Northius participates in the human resources manager conference organised by Cre100do in Madrid"}]},{"@type":"WebSite","@id":"https:\/\/northius.com\/en\/#website","url":"https:\/\/northius.com\/en\/","name":"Northius","description":"El grupo educativo de formaci\u00f3n especializada","publisher":{"@id":"https:\/\/northius.com\/en\/#organization"},"potentialAction":[{"@type":"SearchAction","target":{"@type":"EntryPoint","urlTemplate":"https:\/\/northius.com\/en\/?s={search_term_string}"},"query-input":{"@type":"PropertyValueSpecification","valueRequired":true,"valueName":"search_term_string"}}],"inLanguage":"en-US"},{"@type":"Organization","@id":"https:\/\/northius.com\/en\/#organization","name":"Northius","url":"https:\/\/northius.com\/en\/","logo":{"@type":"ImageObject","inLanguage":"en-US","@id":"https:\/\/northius.com\/en\/#\/schema\/logo\/image\/","url":"https:\/\/northius.com\/wp-content\/uploads\/2022\/05\/logo.svg","contentUrl":"https:\/\/northius.com\/wp-content\/uploads\/2022\/05\/logo.svg","width":196,"height":36,"caption":"Northius"},"image":{"@id":"https:\/\/northius.com\/en\/#\/schema\/logo\/image\/"}},{"@type":"Person","@id":"https:\/\/northius.com\/en\/#\/schema\/person\/1e51e8d6584f535c6388b3ea146afdfb","name":"esgalla esgalla","image":{"@type":"ImageObject","inLanguage":"en-US","@id":"https:\/\/northius.com\/en\/#\/schema\/person\/image\/","url":"https:\/\/secure.gravatar.com\/avatar\/16a1fd4ef08b5da8cee27aa9c2916409bd90faa3576b0302ee722f539fbc46cd?s=96&d=mm&r=g","contentUrl":"https:\/\/secure.gravatar.com\/avatar\/16a1fd4ef08b5da8cee27aa9c2916409bd90faa3576b0302ee722f539fbc46cd?s=96&d=mm&r=g","caption":"esgalla esgalla"}}]}},"_links":{"self":[{"href":"https:\/\/northius.com\/en\/wp-json\/wp\/v2\/posts\/6009","targetHints":{"allow":["GET"]}}],"collection":[{"href":"https:\/\/northius.com\/en\/wp-json\/wp\/v2\/posts"}],"about":[{"href":"https:\/\/northius.com\/en\/wp-json\/wp\/v2\/types\/post"}],"author":[{"embeddable":true,"href":"https:\/\/northius.com\/en\/wp-json\/wp\/v2\/users\/5"}],"replies":[{"embeddable":true,"href":"https:\/\/northius.com\/en\/wp-json\/wp\/v2\/comments?post=6009"}],"version-history":[{"count":1,"href":"https:\/\/northius.com\/en\/wp-json\/wp\/v2\/posts\/6009\/revisions"}],"predecessor-version":[{"id":6010,"href":"https:\/\/northius.com\/en\/wp-json\/wp\/v2\/posts\/6009\/revisions\/6010"}],"wp:attachment":[{"href":"https:\/\/northius.com\/en\/wp-json\/wp\/v2\/media?parent=6009"}],"wp:term":[{"taxonomy":"category","embeddable":true,"href":"https:\/\/northius.com\/en\/wp-json\/wp\/v2\/categories?post=6009"},{"taxonomy":"post_tag","embeddable":true,"href":"https:\/\/northius.com\/en\/wp-json\/wp\/v2\/tags?post=6009"}],"curies":[{"name":"wp","href":"https:\/\/api.w.org\/{rel}","templated":true}]}}